{"id":126309,"date":"2026-01-05T12:09:09","date_gmt":"2026-01-05T12:09:09","guid":{"rendered":"https:\/\/www.europesays.com\/se\/126309\/"},"modified":"2026-01-05T12:09:09","modified_gmt":"2026-01-05T12:09:09","slug":"lettiska-myndigheter-bordat-fartyg-ligger-inte-bakom-skada-pa-datakabel-utrikes","status":"publish","type":"post","link":"https:\/\/www.europesays.com\/se\/126309\/","title":{"rendered":"Lettiska myndigheter: Bordat fartyg ligger inte bakom skada p\u00e5 datakabel | Utrikes"},"content":{"rendered":"<p class=\"aw-1gybjub aw-5vja16 kEtdKx kmuxyA yle__article__paragraph\">Den 2 januari skadades en undervattenskabel utanf\u00f6r Liep\u0101ja, Lettland. Vad och vem som orsakade kabelbrottet \u00e4r \u00e4nnu oklart.<\/p>\n<p><img decoding=\"async\" alt=\"Karta \u00f6ver de baltiska l\u00e4nderna med staden Liep\u0101ja utm\u00e4rkt.\" src=\"https:\/\/www.europesays.com\/se\/wp-content\/uploads\/2026\/01\/39-1576979695abf7eeecd5.jpeg\" class=\"aw-1l9m598 hKVVvP\"\/><\/p>\n<p>\u00d6ppna bildvisare<\/p>\n<p>Skadan intr\u00e4ffade p\u00e5 lettiskt territorialvatten. Bild: Sarah L\u00f6nnqvist \/ Yle, Mapcreator, OpenStreetMapLyssna (du h\u00f6r en artificiell r\u00f6st) 1:10<\/p>\n<p class=\"aw-1gybjub aw-1p7kakr kEtdKx cEmitX yle__article__paragraph\">Lettiska myndigheterna har inte hittat bevis p\u00e5 att fartyget som befinner sig i Liep\u0101jas hamn skulle ha saboterat undervattenskablar.<\/p>\n<p class=\"aw-1gybjub aw-1p7kakr kEtdKx cEmitX yle__article__paragraph\">\u201dDe uppgifter som framkommit tyder f\u00f6r n\u00e4rvarande inte p\u00e5 n\u00e5got samband mellan det aktuella fartyget och skadorna p\u00e5 kabeln. Samtidigt forts\u00e4tter utredningen f\u00f6r att klarg\u00f6ra omst\u00e4ndigheterna kring kabelskadan\u201d, konstaterar den lettiska polisen i ett <a class=\"aw-iao6s4 iHOxEa yle__article__link\" href=\"https:\/\/x.com\/Valsts_policija\/status\/2008107068893380938\" role=\"link\" rel=\"nofollow\">utl\u00e5tande p\u00e5 X<\/a>.<\/p>\n<p class=\"aw-1gybjub aw-1p7kakr kEtdKx cEmitX yle__article__paragraph\">Enligt polisen har fartygets bes\u00e4ttning varit samarbetsvilliga och \u00f6verl\u00e4mnat alla n\u00f6dv\u00e4ndiga uppgifter.<\/p>\n<p>Flera kabelbrott p\u00e5 kort tid<\/p>\n<p class=\"aw-1gybjub aw-1p7kakr kEtdKx cEmitX yle__article__paragraph\">Kabeln i fr\u00e5ga <a class=\"aw-iao6s4 iHOxEa yle__article__link\" href=\"https:\/\/yle.fi\/a\/7-10090833\" role=\"link\" rel=\"nofollow noopener\" target=\"_blank\">skadades den 2 januari<\/a> utanf\u00f6r staden Liep\u0101ja. Efter det bordade lettiska myndigheterna fartyget som sedan lade till i stadens hamn.<\/p>\n<p class=\"aw-1gybjub aw-1p7kakr kEtdKx cEmitX yle__article__paragraph\">Skadan intr\u00e4ffade p\u00e5 lettiskt territorialvatten.<\/p>\n<p class=\"aw-1gybjub aw-1p7kakr kEtdKx cEmitX yle__article__paragraph\">Bara n\u00e5gra dagar tidigare <a class=\"aw-iao6s4 iHOxEa yle__article__link\" href=\"https:\/\/yle.fi\/a\/7-10090826\" role=\"link\" rel=\"nofollow noopener\" target=\"_blank\">bordade finska myndigheter<\/a> fartyget Fitburg, som misst\u00e4nks ha saboterat en datakommunikationskabel mellan Estland och Finland.<\/p>\n","protected":false},"excerpt":{"rendered":"Den 2 januari skadades en undervattenskabel utanf\u00f6r Liep\u0101ja, Lettland. Vad och vem som orsakade kabelbrottet \u00e4r \u00e4nnu oklart.&hellip;\n","protected":false},"author":2,"featured_media":125768,"comment_status":"","ping_status":"","sticky":false,"template":"","format":"standard","meta":{"footnotes":""},"categories":[5],"tags":[22,23,128,12492,26,27,17,21,13128,24,25,11513,13126,28,29,15,16,1647,13127,18,34,5513,31,33,32,30,19,20,237],"class_list":{"0":"post-126309","1":"post","2":"type-post","3":"status-publish","4":"format-standard","5":"has-post-thumbnail","7":"category-rubriker","8":"tag-breaking-news","9":"tag-breakingnews","10":"tag-brott","11":"tag-brottsundersokningar","12":"tag-featured-news","13":"tag-featurednews","14":"tag-headlines","15":"tag-huvudnyheter","16":"tag-kablar","17":"tag-latest-news","18":"tag-latestnews","19":"tag-lettland","20":"tag-liepaja","21":"tag-main-news","22":"tag-mainnews","23":"tag-news","24":"tag-nyheter","25":"tag-ostersjon","26":"tag-ostersjoregionen","27":"tag-rubriker","28":"tag-se","29":"tag-sjofart","30":"tag-svenska","31":"tag-sverige","32":"tag-sweden","33":"tag-swedish","34":"tag-top-stories","35":"tag-topstories","36":"tag-utrikes"},"share_on_mastodon":{"url":"https:\/\/pubeurope.com\/@se\/115842420788431141","error":""},"_links":{"self":[{"href":"https:\/\/www.europesays.com\/se\/wp-json\/wp\/v2\/posts\/126309","targetHints":{"allow":["GET"]}}],"collection":[{"href":"https:\/\/www.europesays.com\/se\/wp-json\/wp\/v2\/posts"}],"about":[{"href":"https:\/\/www.europesays.com\/se\/wp-json\/wp\/v2\/types\/post"}],"author":[{"embeddable":true,"href":"https:\/\/www.europesays.com\/se\/wp-json\/wp\/v2\/users\/2"}],"replies":[{"embeddable":true,"href":"https:\/\/www.europesays.com\/se\/wp-json\/wp\/v2\/comments?post=126309"}],"version-history":[{"count":0,"href":"https:\/\/www.europesays.com\/se\/wp-json\/wp\/v2\/posts\/126309\/revisions"}],"wp:featuredmedia":[{"embeddable":true,"href":"https:\/\/www.europesays.com\/se\/wp-json\/wp\/v2\/media\/125768"}],"wp:attachment":[{"href":"https:\/\/www.europesays.com\/se\/wp-json\/wp\/v2\/media?parent=126309"}],"wp:term":[{"taxonomy":"category","embeddable":true,"href":"https:\/\/www.europesays.com\/se\/wp-json\/wp\/v2\/categories?post=126309"},{"taxonomy":"post_tag","embeddable":true,"href":"https:\/\/www.europesays.com\/se\/wp-json\/wp\/v2\/tags?post=126309"}],"curies":[{"name":"wp","href":"https:\/\/api.w.org\/{rel}","templated":true}]}}