{"id":126313,"date":"2026-01-05T12:16:28","date_gmt":"2026-01-05T12:16:28","guid":{"rendered":"https:\/\/www.europesays.com\/se\/126313\/"},"modified":"2026-01-05T12:16:28","modified_gmt":"2026-01-05T12:16:28","slug":"darfor-valjer-vi-bort-barn","status":"publish","type":"post","link":"https:\/\/www.europesays.com\/se\/126313\/","title":{"rendered":"D\u00e4rf\u00f6r v\u00e4ljer vi bort barn"},"content":{"rendered":"<p><a data-test-tag=\"internal-link\" href=\"https:\/\/www.aftonbladet.se\/av\/amanda-hallsten\" class=\"hyperion-css-13ns1rr\" rel=\"nofollow noopener\" target=\"\" aria-label=\"Se alla artiklar av Amanda H\u00e4llsten\"><img decoding=\"async\" class=\"image-asset hyperion-css-n6kkq1\" data-test-tag=\"image-asset\" src=\"https:\/\/www.europesays.com\/se\/wp-content\/uploads\/2026\/01\/d03087d7-b67e-4a2d-9ab9-086b23863ce8.png\"  alt=\"\"  loading=\"lazy\" fetchpriority=\"auto\" style=\"aspect-ratio:1900 \/ 1900\"\/><\/a>share-arrowDela<\/p>\n<p>unsaveSpara<\/p>\n<p>expand-left<\/p>\n<p>helsk\u00e4rm<img decoding=\"async\" class=\"image-asset hyperion-css-u06ts1\" data-test-tag=\"image-asset\" src=\"https:\/\/www.europesays.com\/se\/wp-content\/uploads\/2026\/01\/c7dbf9b1-2d2f-4ba5-b9db-6d126ab23bef.jpeg\"  alt=\"Allt fler svenska kvinnor v\u00e4ljer att inte skaffa barn.\"  loading=\"eager\" fetchpriority=\"high\" style=\"aspect-ratio:1900 \/ 1206\"\/>Allt fler svenska kvinnor v\u00e4ljer att inte skaffa barn. Foto: Miljan \u017divkovi\u0107\/Getty Images<\/p>\n<p class=\"hyperion-css-1shl3oz\" data-test-tag=\"lead-text\">Barnaf\u00f6dandet i Sverige \u00e4r det l\u00e4gsta som n\u00e5gonsin uppm\u00e4tts.<\/p>\n<p class=\"hyperion-css-1shl3oz\" data-test-tag=\"lead-text\">Allt fler v\u00e4ljer eller hamnar i ett liv utan barn, visar en ny unders\u00f6kning fr\u00e5n Aftonbladet\/Demoskop.<\/p>\n<p class=\"hyperion-css-1shl3oz\" data-test-tag=\"lead-text\">\u2013 Jag tror aldrig att jag har k\u00e4nt den d\u00e4r l\u00e4ngtan efter barn som m\u00e5nga beskriver att de har, s\u00e4ger Nicole, 26. <\/p>\n<ul class=\"hyperion-css-e9gx76\" data-test-tag=\"list\">\n<li class=\"hyperion-css-1d843yr\">En unders\u00f6kning visar att barnaf\u00f6dandet i Sverige \u00e4r p\u00e5 rekordl\u00e5ga niv\u00e5er med 1,43 barn per kvinna, och att fler kvinnor idag uttrycker en ovilja att skaffa barn av olika sk\u00e4l.  <\/li>\n<li class=\"hyperion-css-1d843yr\">Personliga ber\u00e4ttelser fr\u00e5n Annica och Nicole belyser olika anledningar till varf\u00f6r kvinnor v\u00e4ljer eller inte kan f\u00e5 barn; Annica ville ha barn men hittade inte r\u00e4tt partner, medan Nicole medvetet valt bort barn p\u00e5 grund av livsprioriteringar och samh\u00e4llsfr\u00e5gor.<\/li>\n<li class=\"hyperion-css-1d843yr\">Det finns en f\u00f6r\u00e4ndring i det allm\u00e4nna samh\u00e4llets uppfattning d\u00e4r fler m\u00e4nniskor b\u00f6rjar acceptera att inte alla vill eller beh\u00f6ver skaffa barn som en naturlig del av livet.<\/li>\n<\/ul>\n<p>L\u00e4s mer<\/p>\n<p class=\"hyperion-css-1v9qo5x\">F\u00f6rra \u00e5ret var barnaf\u00f6dandet i snitt 1,43 barn per kvinna \u2013 det l\u00e4gsta antalet som hittills uppm\u00e4tts i Sverige. <\/p>\n<p class=\"hyperion-css-1v9qo5x\">I en unik unders\u00f6kning fr\u00e5n Aftonbladet\/Demoskop framg\u00e5r det att mer \u00e4n var femte kvinna, som ingick i unders\u00f6kningen, inte vill ha barn.<\/p>\n<p>expand-left<\/p>\n<p>helsk\u00e4rm<img decoding=\"async\" class=\"image-asset hyperion-css-u06ts1\" data-test-tag=\"image-asset\" src=\"https:\/\/www.europesays.com\/se\/wp-content\/uploads\/2026\/01\/d079989a-9521-4c3b-b4d7-4d9e484c212e.jpeg\"  alt=\"Nicole, 26, vill inte ha barn. \"  loading=\"eager\" fetchpriority=\"high\" style=\"aspect-ratio:1466 \/ 993\"\/>Nicole, 26, vill inte ha barn.Nicole, 26 <\/p>\n<p class=\"hyperion-css-1v9qo5x\">En av dem \u00e4r 26-\u00e5riga Nicole, som best\u00e4mde sig f\u00f6r sex \u00e5r sen hon inte kommer skaffa barn.<\/p>\n<p class=\"hyperion-css-1v9qo5x\">\u2013 Jag tror aldrig att jag har k\u00e4nt den d\u00e4r l\u00e4ngtan efter barn som m\u00e5nga beskriver att de har, s\u00e4ger hon.<\/p>\n<p class=\"hyperion-css-1v9qo5x\"><strong>Vad var det som gjorde att du best\u00e4mde dig redan som 20-\u00e5ring?<\/strong><\/p>\n<p class=\"hyperion-css-1v9qo5x\">\u2013 Jag tror att det \u00e4r m\u00e5nga faktorer som v\u00e4xt fram under \u00e5ren. Jag kan k\u00e4nna en r\u00e4dsla f\u00f6r vad som kan h\u00e4nda \u2013 f\u00f6r att v\u00e4rlden ser ut som den g\u00f6r, b\u00e5de klimatm\u00e4ssigt och krigsm\u00e4ssigt, och hela samh\u00e4llets uppbyggnad. Jag kan ocks\u00e5 k\u00e4nna en r\u00e4dsla f\u00f6r om barnet skulle bli sjukt. Det finns mycket runt omkring som man inte kan styra \u00f6ver sj\u00e4lv, s\u00e4ger hon.<\/p>\n<p class=\"hyperion-css-1v9qo5x\">F\u00f6r hennes del finns det mycket hon v\u00e4rdes\u00e4tter i livet, som hon tror skulle bli lidande om hon hade barn. <\/p>\n<p class=\"hyperion-css-1v9qo5x\">\u2013 Det h\u00e4r l\u00e5ter ju j\u00e4tteegoistiskt. Men f\u00f6r mig handlar det om att jag inte vill offra s\u00e5 m\u00e5nga \u00e5r av mitt liv, som 18 \u00e5r med d\u00e5lig s\u00f6mn och andra uppoffringar. Om jag f\u00e5r ett jobberbjudande vill jag kunna ta det utan att beh\u00f6va tacka nej, f\u00f6r att man har barn hemma.<\/p>\n<p>Kommer inte \u00e4ndra sig<\/p>\n<p class=\"hyperion-css-1v9qo5x\">Trots att Nicole fortfarande \u00e4r ung s\u00e4ger hon att hon \u00e4r s\u00e4ker p\u00e5 att hon inte kommer \u00e4ndra sig. En h\u00e4ndelse f\u00f6r tv\u00e5 \u00e5r sedan fick henne att verkligen t\u00e4nka \u00f6ver sitt beslut. <\/p>\n<p class=\"hyperion-css-1v9qo5x\">\u2013 Jag tycker att folk som vill ha barn ska f\u00e5 ha barn, om det g\u00e5r, s\u00e5 f\u00f6r tv\u00e5 \u00e5r sedan beslutade jag mig f\u00f6r att bli \u00e4ggdonator. Men under utredningen visade det sig att jag har d\u00e5liga \u00e4ggreserver, och barnmorskan sa att \u201dNicole, jag vet att du inte vill ha barn. Men om du \u00e4r tveksam kring det \u00e4r det nu du ska skaffa barn\u201d. D\u00e5 t\u00e4nkte jag \u00f6ver det en kv\u00e4ll, men dagen efter k\u00e4nde jag mig s\u00e4ker. <\/p>\n<p>expand-left<\/p>\n<p>helsk\u00e4rm<img decoding=\"async\" class=\"image-asset hyperion-css-u06ts1\" data-test-tag=\"image-asset\" src=\"https:\/\/www.europesays.com\/se\/wp-content\/uploads\/2026\/01\/0f848653-45fb-4d32-92e1-008cf5e2a327.jpeg\"  alt=\"Flera faktorer ligger bakom Nicoles beslut att inte skaffa barn.\"  loading=\"eager\" fetchpriority=\"high\" style=\"aspect-ratio:1900 \/ 1151\"\/>Flera faktorer ligger bakom Nicoles beslut att inte skaffa barn. Foto: Hasse Holmberg\/TT<\/p>\n<p class=\"hyperion-css-1v9qo5x\">De som k\u00e4nner Nicole vet att hon inte vill ha barn. N\u00e4r hon ber\u00e4ttade det f\u00f6r sina v\u00e4nner var en del till en b\u00f6rjan v\u00e4ldigt chockade, men med tiden har det visat sig att fler k\u00e4nner likadant.<\/p>\n<p class=\"hyperion-css-1v9qo5x\">\u2013 Det k\u00e4nns som att den allm\u00e4nna uppfattningen har varit att n\u00e4r man har en partner, jobb och boende, d\u00e5 ska man skaffa barn. Men nu k\u00e4nns det som att fler och fler k\u00e4nner att det inte beh\u00f6ver vara s\u00e5, bara f\u00f6r att det tidigare varit sj\u00e4lvklart. Att man faktiskt har en egen vilja och m\u00f6jlighet att best\u00e4mma det, s\u00e4ger Nicole.<\/p>\n<p>Mamma blir inte mormor<\/p>\n<p class=\"hyperion-css-1v9qo5x\">Hon s\u00e4ger att det kan vara en k\u00e4nslig fr\u00e5ga f\u00f6r m\u00e5nga, och att ens familjemedlemmar kan reagera olika p\u00e5 det. <\/p>\n<p class=\"hyperion-css-1v9qo5x\">\u2013 I mitt fall vet min lillebror att det kommer vara han som st\u00e5r f\u00f6r arvet. Och att mamma och pappa, som kanske trodde att de skulle bli mormor och morfar, inte kommer bli det. <\/p>\n<p class=\"hyperion-css-1v9qo5x\">\u2013 I b\u00f6rjan n\u00e4r jag ber\u00e4ttade om det sa min mamma att jag s\u00e4kert kommer \u00e4ndra mig den dagen jag tr\u00e4ffar den r\u00e4tta. Men med tiden har hon f\u00f6rst\u00e5tt att hon inte kommer bli mormor, och att hon skulle f\u00e5 finna sig i det. <\/p>\n<p>Flera saker ses som hinder<\/p>\n<p class=\"hyperion-css-1v9qo5x\">Det finns flera anledningar till att m\u00e4n och kvinnor inte skaffar barn. B\u00e5de ekonomi och boendesituation ses ofta som hinder, enligt unders\u00f6kningen.<\/p>\n<p class=\"hyperion-css-1v9qo5x\">Ett annat hinder som b\u00e5de m\u00e4n och kvinnor upplever \u00e4r att de inte har hittat en l\u00e4mplig partner.<\/p>\n<p>expand-left<\/p>\n<p>helsk\u00e4rm<img decoding=\"async\" class=\"image-asset hyperion-css-u06ts1\" data-test-tag=\"image-asset\" src=\"https:\/\/www.europesays.com\/se\/wp-content\/uploads\/2026\/01\/451259b7-0020-4d88-a5b2-5674304bbaa7.jpeg\"  alt=\"Annica, 43, har accepterat tanken p\u00e5 att hon kanske inte kommer f\u00e5 barn. \"  loading=\"eager\" fetchpriority=\"high\" style=\"aspect-ratio:1102 \/ 1117\"\/>Annica, 43, har accepterat tanken p\u00e5 att hon kanske inte kommer f\u00e5 barn. Foto: PrivatAnnica, 43<\/p>\n<p class=\"hyperion-css-1v9qo5x\">Annica, 43, fr\u00e5n G\u00f6teborg, s\u00e4ger att hon alltid har dr\u00f6mt om att skaffa familj och barn.<\/p>\n<p class=\"hyperion-css-1v9qo5x\">\u2013 Rent biologiskt kan jag f\u00e5 barn. Men min dr\u00f6m har alltid varit att ha en familj, med en man och barn. Det har aldrig varit aktuellt att skaffa barn p\u00e5 egen hand, s\u00e4ger hon.<\/p>\n<p class=\"hyperion-css-1v9qo5x\">Genom \u00e5ren har hon haft n\u00e5gra l\u00e4ngre relationer, men sedan en tid tillbaka \u00e4r hon singel.<\/p>\n<p class=\"hyperion-css-1v9qo5x\">\u2013 N\u00e4r jag var 30 t\u00e4nkte jag att det fortfarande fanns mycket tid att skaffa barn. Runt 35 b\u00f6rjade jag k\u00e4nna stress \u00f6ver att tiden h\u00f6ll p\u00e5 att rinna iv\u00e4g. N\u00e4r man \u00e4r ung f\u00e5r man ofta h\u00f6ra att man inte ska stressa fram n\u00e5got, att man inte ska stadga sig f\u00f6r fort och att man har mycket tid framf\u00f6r sig. Jag minns att min mormor alltid sa det till mig, att jag skulle leva i nuet.<\/p>\n<p class=\"hyperion-css-1v9qo5x\">\u2013 Nu har \u00e5ren g\u00e5tt. Jag k\u00e4nner inte att jag har sl\u00f6sat bort tiden, men n\u00e4r jag var yngre t\u00e4nkte jag inte p\u00e5 att det kan vara sv\u00e5rt att hitta n\u00e5gon. Det har jag insett nu att det faktiskt \u00e4r.<\/p>\n<p>M\u00e5nga vill inte \u201dn\u00f6ja sig\u201d<\/p>\n<p class=\"hyperion-css-1v9qo5x\">Under de senaste fem \u00e5ren har hon dejtat en del, men utan att det har lett till n\u00e5gon l\u00e4ngre, seri\u00f6s relation. Hon s\u00e4ger att hon upplever att m\u00e5nga m\u00e4n i dag inte verkar vara ute efter det, att m\u00e5nga t\u00e4nker att \u201ddet alltid finns n\u00e5got b\u00e4ttre\u201d eller inte vill \u201dn\u00f6ja sig\u201d.<\/p>\n<p class=\"hyperion-css-1v9qo5x\">\u2013 S\u00e5 har nog jag sj\u00e4lv t\u00e4nkt ibland ocks\u00e5. Att man hittar saker som man st\u00f6r sig p\u00e5, letar fel eller f\u00f6rstorar upp saker f\u00f6r att hitta anledningar att l\u00e4mna en relation.<\/p>\n<p>expand-left<\/p>\n<p>helsk\u00e4rm<img decoding=\"async\" class=\"image-asset hyperion-css-u06ts1\" data-test-tag=\"image-asset\" src=\"https:\/\/www.europesays.com\/se\/wp-content\/uploads\/2026\/01\/9c2c0001-d199-4504-bb20-4e391b95baed.jpeg\"  alt=\"Annica har dejtat de senaste \u00e5ren, utan att det lett till n\u00e5got seri\u00f6st.\"  loading=\"eager\" fetchpriority=\"high\" style=\"aspect-ratio:1900 \/ 1268\"\/>Annica har dejtat de senaste \u00e5ren, utan att det lett till n\u00e5got seri\u00f6st. Foto: Getty Images\u201dDet \u00e4r en sorg\u201d<\/p>\n<p class=\"hyperion-css-1v9qo5x\">Nu har hon accepterat tanken p\u00e5 att hon kanske inte kommer f\u00e5 n\u00e5gra barn.<\/p>\n<p class=\"hyperion-css-1v9qo5x\">\u2013 Jag skulle inte s\u00e4ga att nej, nu vill jag inte l\u00e4ngre. Jag \u00e4r fortfarande \u00f6ppen f\u00f6r det, men har v\u00e4ldigt realistiska tankar om att det kommer inte h\u00e4nda. F\u00f6r att det ska ske ska jag f\u00f6rst tr\u00e4ffa n\u00e5gon jag k\u00e4nner mig trygg med, och det tar ju ett tag. Sedan ska jag vara gravid i nio m\u00e5nader. Absolut att kroppen klarar det, men hur k\u00e4nns det att vara sm\u00e5barnsf\u00f6r\u00e4lder n\u00e4r man \u00e4r 45 \u00e5r? Det skr\u00e4mmer mig ocks\u00e5, att jag kanske inte har samma energi som n\u00e4r jag var yngre.<\/p>\n<p class=\"hyperion-css-1v9qo5x\"><strong>Hur k\u00e4nns det?<\/strong><\/p>\n<p class=\"hyperion-css-1v9qo5x\">\u2013 Det k\u00e4nns okej. Det \u00e4r absolut en sorg, men jag k\u00e4nner \u00e4nd\u00e5 en acceptans kring det. Och jag har format mitt liv utifr\u00e5n att inte ha barn.<\/p>\n<p class=\"hyperion-css-1v9qo5x\"><strong>Finns det n\u00e5got du hade kunnat g\u00f6ra annorlunda \u2013 f\u00f6r att ha den familj du dr\u00f6mt om i dag?<\/strong><\/p>\n<p class=\"hyperion-css-1v9qo5x\">\u2013 Det klart att man t\u00e4nker\u00a0\u2026 borde jag ha n\u00f6jt mig med n\u00e5got som inte k\u00e4ndes 100 procent, f\u00f6r att f\u00e5 familj och barn?<\/p>\n","protected":false},"excerpt":{"rendered":"share-arrowDela unsaveSpara expand-left helsk\u00e4rmAllt fler svenska kvinnor v\u00e4ljer att inte skaffa barn. Foto: Miljan \u017divkovi\u0107\/Getty Images Barnaf\u00f6dandet i&hellip;\n","protected":false},"author":2,"featured_media":126314,"comment_status":"","ping_status":"","sticky":false,"template":"","format":"standard","meta":{"footnotes":""},"categories":[12],"tags":[22,23,26,27,17,21,24,25,28,29,15,16,18,34,31,33,32,30,19,20],"class_list":{"0":"post-126313","1":"post","2":"type-post","3":"status-publish","4":"format-standard","5":"has-post-thumbnail","7":"category-sverige","8":"tag-breaking-news","9":"tag-breakingnews","10":"tag-featured-news","11":"tag-featurednews","12":"tag-headlines","13":"tag-huvudnyheter","14":"tag-latest-news","15":"tag-latestnews","16":"tag-main-news","17":"tag-mainnews","18":"tag-news","19":"tag-nyheter","20":"tag-rubriker","21":"tag-se","22":"tag-svenska","23":"tag-sverige","24":"tag-sweden","25":"tag-swedish","26":"tag-top-stories","27":"tag-topstories"},"share_on_mastodon":{"url":"https:\/\/pubeurope.com\/@se\/115842448344713781","error":""},"_links":{"self":[{"href":"https:\/\/www.europesays.com\/se\/wp-json\/wp\/v2\/posts\/126313","targetHints":{"allow":["GET"]}}],"collection":[{"href":"https:\/\/www.europesays.com\/se\/wp-json\/wp\/v2\/posts"}],"about":[{"href":"https:\/\/www.europesays.com\/se\/wp-json\/wp\/v2\/types\/post"}],"author":[{"embeddable":true,"href":"https:\/\/www.europesays.com\/se\/wp-json\/wp\/v2\/users\/2"}],"replies":[{"embeddable":true,"href":"https:\/\/www.europesays.com\/se\/wp-json\/wp\/v2\/comments?post=126313"}],"version-history":[{"count":0,"href":"https:\/\/www.europesays.com\/se\/wp-json\/wp\/v2\/posts\/126313\/revisions"}],"wp:featuredmedia":[{"embeddable":true,"href":"https:\/\/www.europesays.com\/se\/wp-json\/wp\/v2\/media\/126314"}],"wp:attachment":[{"href":"https:\/\/www.europesays.com\/se\/wp-json\/wp\/v2\/media?parent=126313"}],"wp:term":[{"taxonomy":"category","embeddable":true,"href":"https:\/\/www.europesays.com\/se\/wp-json\/wp\/v2\/categories?post=126313"},{"taxonomy":"post_tag","embeddable":true,"href":"https:\/\/www.europesays.com\/se\/wp-json\/wp\/v2\/tags?post=126313"}],"curies":[{"name":"wp","href":"https:\/\/api.w.org\/{rel}","templated":true}]}}