{"id":126315,"date":"2026-01-05T12:17:08","date_gmt":"2026-01-05T12:17:08","guid":{"rendered":"https:\/\/www.europesays.com\/se\/126315\/"},"modified":"2026-01-05T12:17:08","modified_gmt":"2026-01-05T12:17:08","slug":"gul-varning-for-snofall-i-uppland","status":"publish","type":"post","link":"https:\/\/www.europesays.com\/se\/126315\/","title":{"rendered":"Gul varning f\u00f6r sn\u00f6fall i Uppland"},"content":{"rendered":"<p>F\u00f6rra veckan vr\u00e4kte sn\u00f6n ner och SMHI gick ut med en orangea varning. Nu \u00e4r det dags igen \u2013 men sn\u00f6fallet blir inte riktigt lika intensiv. Under natten mot tisdag v\u00e4ntas smala, intensiva sn\u00f6str\u00e5k, s\u00e5 kallade sn\u00f6kanoner, svepa in \u00f6ver l\u00e4net.\u2013 F\u00f6r Uppsala l\u00e4n v\u00e4ntas sn\u00f6fallet dra in och bli som kraftigast under natten mot tisdagen och under tisdagsmorgon. Det \u00e4r sv\u00e5rt a<\/p>\n","protected":false},"excerpt":{"rendered":"F\u00f6rra veckan vr\u00e4kte sn\u00f6n ner och SMHI gick ut med en orangea varning. Nu \u00e4r det dags igen&hellip;\n","protected":false},"author":2,"featured_media":126316,"comment_status":"","ping_status":"","sticky":false,"template":"","format":"standard","meta":{"footnotes":""},"categories":[5],"tags":[22,23,26,27,17,21,24,25,28,29,15,16,18,34,31,33,32,30,19,20],"class_list":{"0":"post-126315","1":"post","2":"type-post","3":"status-publish","4":"format-standard","5":"has-post-thumbnail","7":"category-rubriker","8":"tag-breaking-news","9":"tag-breakingnews","10":"tag-featured-news","11":"tag-featurednews","12":"tag-headlines","13":"tag-huvudnyheter","14":"tag-latest-news","15":"tag-latestnews","16":"tag-main-news","17":"tag-mainnews","18":"tag-news","19":"tag-nyheter","20":"tag-rubriker","21":"tag-se","22":"tag-svenska","23":"tag-sverige","24":"tag-sweden","25":"tag-swedish","26":"tag-top-stories","27":"tag-topstories"},"share_on_mastodon":{"url":"https:\/\/pubeurope.com\/@se\/115842452339102897","error":""},"_links":{"self":[{"href":"https:\/\/www.europesays.com\/se\/wp-json\/wp\/v2\/posts\/126315","targetHints":{"allow":["GET"]}}],"collection":[{"href":"https:\/\/www.europesays.com\/se\/wp-json\/wp\/v2\/posts"}],"about":[{"href":"https:\/\/www.europesays.com\/se\/wp-json\/wp\/v2\/types\/post"}],"author":[{"embeddable":true,"href":"https:\/\/www.europesays.com\/se\/wp-json\/wp\/v2\/users\/2"}],"replies":[{"embeddable":true,"href":"https:\/\/www.europesays.com\/se\/wp-json\/wp\/v2\/comments?post=126315"}],"version-history":[{"count":0,"href":"https:\/\/www.europesays.com\/se\/wp-json\/wp\/v2\/posts\/126315\/revisions"}],"wp:featuredmedia":[{"embeddable":true,"href":"https:\/\/www.europesays.com\/se\/wp-json\/wp\/v2\/media\/126316"}],"wp:attachment":[{"href":"https:\/\/www.europesays.com\/se\/wp-json\/wp\/v2\/media?parent=126315"}],"wp:term":[{"taxonomy":"category","embeddable":true,"href":"https:\/\/www.europesays.com\/se\/wp-json\/wp\/v2\/categories?post=126315"},{"taxonomy":"post_tag","embeddable":true,"href":"https:\/\/www.europesays.com\/se\/wp-json\/wp\/v2\/tags?post=126315"}],"curies":[{"name":"wp","href":"https:\/\/api.w.org\/{rel}","templated":true}]}}