{"id":126321,"date":"2026-01-05T12:21:09","date_gmt":"2026-01-05T12:21:09","guid":{"rendered":"https:\/\/www.europesays.com\/se\/126321\/"},"modified":"2026-01-05T12:21:09","modified_gmt":"2026-01-05T12:21:09","slug":"uppgifter-open-ais-kommande-ai-pryl-ska-styras-med-rosten","status":"publish","type":"post","link":"https:\/\/www.europesays.com\/se\/126321\/","title":{"rendered":"Uppgifter: Open AI:s kommande AI-pryl ska styras med r\u00f6sten"},"content":{"rendered":"<p>Sedan ett tag tillbaka filar Open AI p\u00e5 en AI-pryl med inbyggda kameror, mikrofoner och h\u00f6gtalare som ska kunna registrera vad som h\u00e4nder i omgivningen och svara p\u00e5 anv\u00e4ndarnas fr\u00e5gor.<\/p>\n<p>Enligt <a href=\"https:\/\/www.theinformation.com\/articles\/openai-ramps-audio-ai-efforts-ahead-device\" data-type=\"link\" data-id=\"https:\/\/www.theinformation.com\/articles\/openai-ramps-audio-ai-efforts-ahead-device\" rel=\"nofollow noopener\" target=\"_blank\">The Information<\/a> kommer prylen mestadels att styras med r\u00f6sten, vilket \u00e4r hyfsat logiskt eftersom enheten inte har n\u00e5gon sk\u00e4rm.<\/p>\n<p>S\u00e5lunda ligger fokus just nu p\u00e5 att ta fram en ny r\u00f6stmodell som l\u00e5ter mer naturlig och som kan klara av att prata och uppfatta tal samtidigt, vilket inte \u00e4r s\u00e5 l\u00e4tt som man kan tro.<\/p>\n","protected":false},"excerpt":{"rendered":"Sedan ett tag tillbaka filar Open AI p\u00e5 en AI-pryl med inbyggda kameror, mikrofoner och h\u00f6gtalare som ska&hellip;\n","protected":false},"author":2,"featured_media":126322,"comment_status":"","ping_status":"","sticky":false,"template":"","format":"standard","meta":{"footnotes":""},"categories":[66],"tags":[80,78,79,34,31,33,32,30,81,84,83,82],"class_list":{"0":"post-126321","1":"post","2":"type-post","3":"status-publish","4":"format-standard","5":"has-post-thumbnail","7":"category-vetenskap-och-teknik","8":"tag-science","9":"tag-science-and-technology","10":"tag-scienceandtechnology","11":"tag-se","12":"tag-svenska","13":"tag-sverige","14":"tag-sweden","15":"tag-swedish","16":"tag-technology","17":"tag-teknik","18":"tag-vetenskap","19":"tag-vetenskapteknik"},"share_on_mastodon":{"url":"https:\/\/pubeurope.com\/@se\/115842467981425821","error":""},"_links":{"self":[{"href":"https:\/\/www.europesays.com\/se\/wp-json\/wp\/v2\/posts\/126321","targetHints":{"allow":["GET"]}}],"collection":[{"href":"https:\/\/www.europesays.com\/se\/wp-json\/wp\/v2\/posts"}],"about":[{"href":"https:\/\/www.europesays.com\/se\/wp-json\/wp\/v2\/types\/post"}],"author":[{"embeddable":true,"href":"https:\/\/www.europesays.com\/se\/wp-json\/wp\/v2\/users\/2"}],"replies":[{"embeddable":true,"href":"https:\/\/www.europesays.com\/se\/wp-json\/wp\/v2\/comments?post=126321"}],"version-history":[{"count":0,"href":"https:\/\/www.europesays.com\/se\/wp-json\/wp\/v2\/posts\/126321\/revisions"}],"wp:featuredmedia":[{"embeddable":true,"href":"https:\/\/www.europesays.com\/se\/wp-json\/wp\/v2\/media\/126322"}],"wp:attachment":[{"href":"https:\/\/www.europesays.com\/se\/wp-json\/wp\/v2\/media?parent=126321"}],"wp:term":[{"taxonomy":"category","embeddable":true,"href":"https:\/\/www.europesays.com\/se\/wp-json\/wp\/v2\/categories?post=126321"},{"taxonomy":"post_tag","embeddable":true,"href":"https:\/\/www.europesays.com\/se\/wp-json\/wp\/v2\/tags?post=126321"}],"curies":[{"name":"wp","href":"https:\/\/api.w.org\/{rel}","templated":true}]}}