{"id":126332,"date":"2026-01-05T12:29:17","date_gmt":"2026-01-05T12:29:17","guid":{"rendered":"https:\/\/www.europesays.com\/se\/126332\/"},"modified":"2026-01-05T12:29:17","modified_gmt":"2026-01-05T12:29:17","slug":"darfor-haller-inte-din-aktivitetsklocka-vad-den-lovar-magasinet-filter","status":"publish","type":"post","link":"https:\/\/www.europesays.com\/se\/126332\/","title":{"rendered":"D\u00e4rf\u00f6r h\u00e5ller inte din aktivitetsklocka vad den lovar \u2013 Magasinet Filter"},"content":{"rendered":"<p>\t\t\t<img width=\"1600\" height=\"1200\" src=\"https:\/\/www.europesays.com\/se\/wp-content\/uploads\/2026\/01\/aktivitetsklocka-1600x1200.webp.webp\" class=\"attachment-large size-large wp-post-image\" alt=\"F\u00e4rgstark illustration, person \u00e4r f\u00e5nge med sitt aktivitetsband.\" loading=\"eager\" fetchpriority=\"high\" decoding=\"async\"  \/>\t\t<\/p>\n<p class=\"ingress\" style=\"color: #000;\">Har du lovat dig sj\u00e4lv ett h\u00e4lsosammare 2026? L\u00e4s det h\u00e4r innan du s\u00e4tter all din tillit till ett aktivitetssmycke.<\/p>\n<p>\n      Publicerad 2026-01-5    <\/p>\n<p>Dela  <\/p>\n<p>F\u00f6r den som vill h\u00e4nge sig \u00e5t en h\u00e4lsoresa i siffrorna och statistikens tecken har utbudet av datainsamlande prylar aldrig varit rikare. Det finns m\u00e4ngder av aktivitets\u00adarmband, smarta klockor och h\u00f6gteknologiska ringar som med sensorer och algoritmer ska hj\u00e4lpa oss att sova b\u00e4ttre, tr\u00e4na mer och ge oss b\u00e4ttre f\u00f6ruts\u00e4ttningar att maxa v\u00e5ra liv. Detta genom att, som tillverkaren av den finska smartringen Oura s\u00e4ger, \u00bb\u00f6ppna ett f\u00f6nster till din kropp\u00ab. Men kan armband och ringar verkligen m\u00e4ta oss till b\u00e4ttre, friskare och mer h\u00e4lsosamma m\u00e4nniskor?<\/p>\n<p>En kall februarikv\u00e4ll 2015 tog Martin Berg en promenad till sin lokala Apple-butik f\u00f6r att ta reda p\u00e5 just det. Han var ute efter det smarta aktivitets\u00adarmbandet Jawbone Up 24. En av prylarna som sa att det fanns en b\u00e4ttre version av honom d\u00e4r ute \u2013 och att allt som kr\u00e4vdes f\u00f6r att finna den var att l\u00e5ta data visa v\u00e4gen.<\/p>\n<p>Det var inte f\u00f6rsta g\u00e5ngen Berg f\u00f6rs\u00f6kt m\u00e4ta sig till b\u00e4ttre h\u00e4lsa. Han hade pr\u00f6vat en uppsj\u00f6 av olika tekniker tidigare, och \u00e4ven skapat egna kalkylblad f\u00f6r att dokumentera allt fr\u00e5n kalorif\u00f6rbr\u00e4nning till l\u00f6pdistanser. Det han hade saknat var kapaciteten att s\u00e4tta den insamlade datan i en kontext. Vad betydde alla dessa siffror? Vad kunde han l\u00e4ra av dem?<\/p>\n<p>Ut\u00f6ver att komma i form fanns dock ett annat syfte med inf\u00f6rskaffandet av aktivitets\u00adarmbandet. Tillsammans med tre andra etnografer skrev Martin Berg, som till vardags \u00e4r sociolog och professor p\u00e5 institutionen f\u00f6r datavetenskap och medieteknik vid Malm\u00f6 Universitet, p\u00e5 boken Imagining Personal Data: Experiences of Self-Tracking. I samr\u00e5d skulle de dokumentera sina erfarenheter f\u00f6r att ta reda p\u00e5 om det funkade och i s\u00e5dana fall varf\u00f6r.<\/p>\n<p><img loading=\"lazy\" data-recalc-dims=\"1\" decoding=\"async\" class=\"size-medium wp-image-34865\" src=\"https:\/\/www.europesays.com\/se\/wp-content\/uploads\/2026\/01\/aktivitetsklocka-martin-berg.jpg\" alt=\"Portr\u00e4tt p\u00e5 Martin Berg i en illustration med ett aktivitetsamband, en hand och ett \u00f6ga.\" width=\"800\" height=\"600\"  \/>Martin Berg. Foto i illustration: Johannes Karlsson.<\/p>\n<p>Etnograferna lockades av Jawbone eftersom den hade en medf\u00f6ljande app som fungerade som en datadriven personlig tr\u00e4nare. Efter att Martin matat in information s\u00e5 som vikt, \u00e5lder och l\u00e4ngd r\u00e4knade den tillh\u00f6rande coach-appen ut skr\u00e4ddarsydda m\u00e5l och rekommendationer. Det generella r\u00e5det var att han skulle g\u00e5 ner i vikt, och f\u00f6r att n\u00e5 m\u00e5let skulle han sova \u00e5tta timmar per natt och g\u00e5 10 000 steg om dagen. F\u00f6r att vara datadrivna rekommendationer framstod de p\u00e5fallande generiska.<\/p>\n<p>\u00a0<\/p>\n<p>Sedan mitten av 1960-talet har det r\u00e5tt en allm\u00e4n enighet om du b\u00f6r g\u00e5 10 000 steg om dagen, motsvarande omkring \u00e5tta kilometer, om du vill leva h\u00e4lsosamt. Men r\u00f6net kommer inte fr\u00e5n en vetenskaplig studie som man skulle kunna tro \u2013 utan en japansk marknadsf\u00f6ringskampanj.<\/p>\n<p class=\"offer-nedryckare minifix\">Forts\u00e4tt l\u00e4sa<br \/>\u2013 gratis i en m\u00e5nad<\/p>\n<p class=\"puff alt minifix\">D\u00e4refter 89:-\/m\u00e5nad.<\/p>\n<p>\t<a id=\"paywallDigitalButton\" class=\"opab-button fill\" href=\"https:\/\/magasinetfilter.se\/prenumeration\/order\/orderforms\/fid121\" data-order-url=\"https:\/\/magasinetfilter.se\/perspektiv\/darfor-haller-inte-din-aktivitetsklocka-vad-den-lovar\/\" rel=\"nofollow noopener\" target=\"_blank\">Testa nu<\/a><\/p>\n<p class=\"puff alt upc\">Har du redan ett konto? <a href=\"https:\/\/connectid.se\/user\/oauth\/authorize?response_type=code&amp;client_id=se.offsidepress.filter&amp;redirect_uri=https%3A%2F%2Fmagasinetfilter.se%2Fperspektiv%2Fdarfor-haller-inte-din-aktivitetsklocka-vad-den-lovar%2F%3Fflowy_paywall_callback\" class=\"login\" rel=\"nofollow noopener\" target=\"_blank\">Logga in<\/a> h\u00e4r.<\/p>\n<p>    Publicerades 5-01-2026. Artikeln \u00e4r skriven av <a href=\"https:\/\/magasinetfilter.se\/skribent\/jimmy-hakansson\/\" rel=\"tag nofollow noopener\" target=\"_blank\">Jimmy H\u00e5kansson<\/a>.<\/p>\n","protected":false},"excerpt":{"rendered":"Har du lovat dig sj\u00e4lv ett h\u00e4lsosammare 2026? L\u00e4s det h\u00e4r innan du s\u00e4tter all din tillit till&hellip;\n","protected":false},"author":2,"featured_media":126333,"comment_status":"","ping_status":"","sticky":false,"template":"","format":"standard","meta":{"footnotes":""},"categories":[66],"tags":[80,78,79,34,31,33,32,30,81,84,83,82],"class_list":{"0":"post-126332","1":"post","2":"type-post","3":"status-publish","4":"format-standard","5":"has-post-thumbnail","7":"category-vetenskap-och-teknik","8":"tag-science","9":"tag-science-and-technology","10":"tag-scienceandtechnology","11":"tag-se","12":"tag-svenska","13":"tag-sverige","14":"tag-sweden","15":"tag-swedish","16":"tag-technology","17":"tag-teknik","18":"tag-vetenskap","19":"tag-vetenskapteknik"},"share_on_mastodon":{"url":"https:\/\/pubeurope.com\/@se\/115842499523088746","error":""},"_links":{"self":[{"href":"https:\/\/www.europesays.com\/se\/wp-json\/wp\/v2\/posts\/126332","targetHints":{"allow":["GET"]}}],"collection":[{"href":"https:\/\/www.europesays.com\/se\/wp-json\/wp\/v2\/posts"}],"about":[{"href":"https:\/\/www.europesays.com\/se\/wp-json\/wp\/v2\/types\/post"}],"author":[{"embeddable":true,"href":"https:\/\/www.europesays.com\/se\/wp-json\/wp\/v2\/users\/2"}],"replies":[{"embeddable":true,"href":"https:\/\/www.europesays.com\/se\/wp-json\/wp\/v2\/comments?post=126332"}],"version-history":[{"count":0,"href":"https:\/\/www.europesays.com\/se\/wp-json\/wp\/v2\/posts\/126332\/revisions"}],"wp:featuredmedia":[{"embeddable":true,"href":"https:\/\/www.europesays.com\/se\/wp-json\/wp\/v2\/media\/126333"}],"wp:attachment":[{"href":"https:\/\/www.europesays.com\/se\/wp-json\/wp\/v2\/media?parent=126332"}],"wp:term":[{"taxonomy":"category","embeddable":true,"href":"https:\/\/www.europesays.com\/se\/wp-json\/wp\/v2\/categories?post=126332"},{"taxonomy":"post_tag","embeddable":true,"href":"https:\/\/www.europesays.com\/se\/wp-json\/wp\/v2\/tags?post=126332"}],"curies":[{"name":"wp","href":"https:\/\/api.w.org\/{rel}","templated":true}]}}