{"id":126353,"date":"2026-01-05T12:44:08","date_gmt":"2026-01-05T12:44:08","guid":{"rendered":"https:\/\/www.europesays.com\/se\/126353\/"},"modified":"2026-01-05T12:44:08","modified_gmt":"2026-01-05T12:44:08","slug":"studenter-svalde-guldfiskar-varldenshistoria-se","status":"publish","type":"post","link":"https:\/\/www.europesays.com\/se\/126353\/","title":{"rendered":"Studenter svalde guldfiskar | varldenshistoria.se"},"content":{"rendered":"<p>Artikeln i den popul\u00e4ra nyhetstidningen skapade en riktig hype bland landets studenter. Vid University of Illinois vann John Poppelreiter tio dollar i ett vad n\u00e4r han svalde fyra d\u00f6da m\u00f6ss i april 1939.<\/p>\n<p>\u201dSvansarna kittlade lite, men n\u00e4r jag v\u00e4l f\u00e5tt ner dem smakade de som biff\u201d, ber\u00e4ttade John Poppelreiter f\u00f6r nyhetsbyr\u00e5n AP.<\/p>\n<p>Studenter fr\u00e5n Ohio och Pennsylvania \u00e5t levande maskar och hela tidningar, medan studenter vid Harvard och University of Chicago utmanade varandra att sv\u00e4lja grammofonskivor i bitar.<\/p>\n<p>Universitetsrektorerna ingrep till slut och f\u00f6rbj\u00f6d t\u00e4vlingarna av etiska och h\u00e4lsom\u00e4ssiga sk\u00e4l. Sommaren 1939 hade vadh\u00e5llningen avtagit.<\/p>\n","protected":false},"excerpt":{"rendered":"Artikeln i den popul\u00e4ra nyhetstidningen skapade en riktig hype bland landets studenter. Vid University of Illinois vann John&hellip;\n","protected":false},"author":2,"featured_media":126354,"comment_status":"","ping_status":"","sticky":false,"template":"","format":"standard","meta":{"footnotes":""},"categories":[67],"tags":[104,34,31,33,32,30,105],"class_list":{"0":"post-126353","1":"post","2":"type-post","3":"status-publish","4":"format-standard","5":"has-post-thumbnail","7":"category-underhallning","8":"tag-entertainment","9":"tag-se","10":"tag-svenska","11":"tag-sverige","12":"tag-sweden","13":"tag-swedish","14":"tag-underhallning"},"share_on_mastodon":{"url":"https:\/\/pubeurope.com\/@se\/115842558498244006","error":""},"_links":{"self":[{"href":"https:\/\/www.europesays.com\/se\/wp-json\/wp\/v2\/posts\/126353","targetHints":{"allow":["GET"]}}],"collection":[{"href":"https:\/\/www.europesays.com\/se\/wp-json\/wp\/v2\/posts"}],"about":[{"href":"https:\/\/www.europesays.com\/se\/wp-json\/wp\/v2\/types\/post"}],"author":[{"embeddable":true,"href":"https:\/\/www.europesays.com\/se\/wp-json\/wp\/v2\/users\/2"}],"replies":[{"embeddable":true,"href":"https:\/\/www.europesays.com\/se\/wp-json\/wp\/v2\/comments?post=126353"}],"version-history":[{"count":0,"href":"https:\/\/www.europesays.com\/se\/wp-json\/wp\/v2\/posts\/126353\/revisions"}],"wp:featuredmedia":[{"embeddable":true,"href":"https:\/\/www.europesays.com\/se\/wp-json\/wp\/v2\/media\/126354"}],"wp:attachment":[{"href":"https:\/\/www.europesays.com\/se\/wp-json\/wp\/v2\/media?parent=126353"}],"wp:term":[{"taxonomy":"category","embeddable":true,"href":"https:\/\/www.europesays.com\/se\/wp-json\/wp\/v2\/categories?post=126353"},{"taxonomy":"post_tag","embeddable":true,"href":"https:\/\/www.europesays.com\/se\/wp-json\/wp\/v2\/tags?post=126353"}],"curies":[{"name":"wp","href":"https:\/\/api.w.org\/{rel}","templated":true}]}}