{"id":126365,"date":"2026-01-05T12:52:09","date_gmt":"2026-01-05T12:52:09","guid":{"rendered":"https:\/\/www.europesays.com\/se\/126365\/"},"modified":"2026-01-05T12:52:09","modified_gmt":"2026-01-05T12:52:09","slug":"inte-klarat-det-utan-dig","status":"publish","type":"post","link":"https:\/\/www.europesays.com\/se\/126365\/","title":{"rendered":"\u201dInte klarat det utan dig\u201d"},"content":{"rendered":"<p>Publicerad 5 jan 2026 kl 13.32<\/p>\n<p>P\u00e5 s\u00f6ndagen tog Timoth\u00e9e Chalamet emot pris p\u00e5 Critics choice awards.\u00a0<\/p>\n<p>I sitt tacktal hyllade han flickv\u00e4nnen Kylie Jenner.\u00a0<\/p>\n<p>\u2013 Jag hade inte klarat det h\u00e4r utan dig, sa han fr\u00e5n scenen.\u00a0<\/p>\n<p><img   alt=\"\"\/><\/p>\n<p>Under ett tacktal p\u00e5 s\u00f6ndagen hyllade Timoth\u00e9e Chalamet flickv\u00e4nnen Kylie Jenner.<\/p>\n<p>Foto: CHRIS PIZZELLO \/ AP TT NYHETSBYR\u00c5N<\/p>\n<p>\u00d6ppna bild i helsk\u00e4rm<img loading=\"lazy\"   alt=\"\"\/><\/p>\n<p>Kylie Jenner satt i publiken och s\u00e5gs yttra orden \u201dJag \u00e4lskar dig\u201d.<\/p>\n<p>Foto: LAVU \/ BACKGRID UK \/ TT \/ Backgrid UK \/ TT NYHETSBYR\u00c5N<\/p>\n<p>\u00d6ppna bild i helsk\u00e4rm<\/p>\n<p>P\u00e5 s\u00f6ndagen gick filmgalan Critics choice awards av stapeln i Santa Monica i Kalifornien. Critics choice awards \u00e4r en \u00e5rlig prisgala d\u00e4r film- och tv-kritiker uppm\u00e4rksammar och bel\u00f6nar \u00e5rets b\u00e4sta prestationer inom film och television.<\/p>\n<p>I \u00e5r var sk\u00e5despelaren <a href=\"https:\/\/www.expressen.se\/tagg\/person\/timothee-chalamet\/\" class=\"\" rel=\"nofollow noopener\" target=\"_blank\">Timoth\u00e9e Chalamet<\/a>, 30, nominerad i kategorin B\u00e4sta manliga sk\u00e5despelare f\u00f6r sin roll i filmen \u201dMarty Supreme\u201d. Han st\u00e4lldes mot stora namn som Leonardo DiCaprio, Ethan Hawke och Michael B. Jordan \u2013\u00a0men Chalamet var den som kammade hem priset.\u00a0<\/p>\n<p>N\u00e4r han gick upp p\u00e5 scenen f\u00f6r att ta emot priset h\u00f6ll han ett tacktal.\u00a0<\/p>\n<p>Orden till Kylie Jenner: \u201dJag \u00e4lskar dig\u201d<\/p>\n<p>D\u00e5 passade han p\u00e5 att hylla sin flickv\u00e4n, tv-profilen och entrepren\u00f6ren Kylie Jenner, 28.\u00a0<\/p>\n<p>\u2013 Tack till min partner sedan tre \u00e5r tillbaka. Tack f\u00f6r v\u00e5r grund. Jag \u00e4lskar dig. Jag hade inte klarat det h\u00e4r utan dig. Tack fr\u00e5n djupet av mitt hj\u00e4rta, sa han fr\u00e5n scenen.\u00a0<\/p>\n<p>I en video som delats i sociala medier h\u00f6rs de varma orden fr\u00e5n scenen. Kameran visar sedan att Kylie Jenner sitter i publiken och hon syns s\u00e4ga \u201dJag \u00e4lskar dig\u201d tillbaka.\u00a0<\/p>\n<p><a href=\"https:\/\/x.com\/SpencerAlthouse\/status\/2008008267994386463?ref_src=twsrc%5Etfw%7Ctwcamp%5Etweetembed%7Ctwterm%5E2008008267994386463%7Ctwgr%5E9962acb6dd36769b20f0ed652d5b974ef4a9d810%7Ctwcon%5Es1_&amp;ref_url=https%3A%2F%2Fwww.tmz.com%2F2026%2F01%2F04%2Ftimothee-chalamet-says-love-you-kylie-jenner-critics-choice-awards%2F\" data-provider=\"twitter\" class=\"js-social-embed\" rel=\"nofollow\">https:\/\/x.com\/SpencerAlthouse\/status\/2008008267994386463?ref_src=twsrc%5Etfw%7Ctwcamp%5Etweetembed%7Ctwterm%5E2008008267994386463%7Ctwgr%5E9962acb6dd36769b20f0ed652d5b974ef4a9d810%7Ctwcon%5Es1_&amp;ref_url=https%3A%2F%2Fwww.tmz.com%2F2026%2F01%2F04%2Ftimothee-chalamet-says-love-you-kylie-jenner-critics-choice-awards%2F<\/a><\/p>\n","protected":false},"excerpt":{"rendered":"Publicerad 5 jan 2026 kl 13.32 P\u00e5 s\u00f6ndagen tog Timoth\u00e9e Chalamet emot pris p\u00e5 Critics choice awards.\u00a0 I&hellip;\n","protected":false},"author":2,"featured_media":126366,"comment_status":"","ping_status":"","sticky":false,"template":"","format":"standard","meta":{"footnotes":""},"categories":[67],"tags":[104,13130,12383,34,31,33,32,30,310,547,109,105],"class_list":{"0":"post-126365","1":"post","2":"type-post","3":"status-publish","4":"format-standard","5":"has-post-thumbnail","7":"category-underhallning","8":"tag-entertainment","9":"tag-person-kylie-jenner","10":"tag-person-timothee-chalamet","11":"tag-se","12":"tag-svenska","13":"tag-sverige","14":"tag-sweden","15":"tag-swedish","16":"tag-topic-kandisar","17":"tag-topic-karlek-relationer","18":"tag-topic-skadespelare","19":"tag-underhallning"},"share_on_mastodon":{"url":"https:\/\/pubeurope.com\/@se\/115842589848940444","error":""},"_links":{"self":[{"href":"https:\/\/www.europesays.com\/se\/wp-json\/wp\/v2\/posts\/126365","targetHints":{"allow":["GET"]}}],"collection":[{"href":"https:\/\/www.europesays.com\/se\/wp-json\/wp\/v2\/posts"}],"about":[{"href":"https:\/\/www.europesays.com\/se\/wp-json\/wp\/v2\/types\/post"}],"author":[{"embeddable":true,"href":"https:\/\/www.europesays.com\/se\/wp-json\/wp\/v2\/users\/2"}],"replies":[{"embeddable":true,"href":"https:\/\/www.europesays.com\/se\/wp-json\/wp\/v2\/comments?post=126365"}],"version-history":[{"count":0,"href":"https:\/\/www.europesays.com\/se\/wp-json\/wp\/v2\/posts\/126365\/revisions"}],"wp:featuredmedia":[{"embeddable":true,"href":"https:\/\/www.europesays.com\/se\/wp-json\/wp\/v2\/media\/126366"}],"wp:attachment":[{"href":"https:\/\/www.europesays.com\/se\/wp-json\/wp\/v2\/media?parent=126365"}],"wp:term":[{"taxonomy":"category","embeddable":true,"href":"https:\/\/www.europesays.com\/se\/wp-json\/wp\/v2\/categories?post=126365"},{"taxonomy":"post_tag","embeddable":true,"href":"https:\/\/www.europesays.com\/se\/wp-json\/wp\/v2\/tags?post=126365"}],"curies":[{"name":"wp","href":"https:\/\/api.w.org\/{rel}","templated":true}]}}