{"id":126378,"date":"2026-01-05T13:03:13","date_gmt":"2026-01-05T13:03:13","guid":{"rendered":"https:\/\/www.europesays.com\/se\/126378\/"},"modified":"2026-01-05T13:03:13","modified_gmt":"2026-01-05T13:03:13","slug":"gladjescener-utanfor-fangelset-min-pappa-ska-slappas","status":"publish","type":"post","link":"https:\/\/www.europesays.com\/se\/126378\/","title":{"rendered":"Gl\u00e4djescener utanf\u00f6r f\u00e4ngelset: \u201dMin pappa ska sl\u00e4ppas\u201d"},"content":{"rendered":"<p>Hundratals m\u00e4nniskor samlades utanf\u00f6r f\u00e4ngelset Insein i Rangoon i Myanmar p\u00e5 s\u00f6ndagen, efter att den styrande milit\u00e4rjuntan meddelat att \u00f6ver 6\u202f000 f\u00e5ngar har ben\u00e5dats. Det rapporterar AP.<\/p>\n<p>Bilder visar anh\u00f6riga och v\u00e4nner som kramar om sl\u00e4ppta f\u00e5ngar p\u00e5 gatan utanf\u00f6r anstalten.<\/p>\n<p>\u2013 Jag v\u00e4ntar p\u00e5 att min pappa ska sl\u00e4ppas. Han greps och l\u00e5stes in f\u00f6r att ha sysslat med politik, ber\u00e4ttar en person som vill vara anonym av s\u00e4kerhetssk\u00e4l, f\u00f6r nyhetsbyr\u00e5n.<\/p>\n<p>Det \u00e4r \u00e4nnu oklart om n\u00e5gra av de 22\u202f000 personer som bed\u00f6ms ha f\u00e4ngslats av politiska sk\u00e4l i Myanmar finns bland de som sl\u00e4pps p\u00e5 s\u00f6ndagen. <\/p>\n<p>S\u00e5 sent som i november sl\u00e4ppte juntan runt 3\u202f000 f\u00e5ngar, d\u00e4ribland en n\u00e4ra medarbetare till den f\u00e4ngslade oppositionsledaren Aung San Suu Kyi. <\/p>\n<p>Omni \u00e4r politiskt obundna och oberoende. Vi str\u00e4var efter att ge fler perspektiv p\u00e5 nyheterna. Har du fr\u00e5gor eller synpunkter kring v\u00e5r rapportering? <a href=\"https:\/\/omni.se\/gladjescener-utanfor-fangelset-min-pappa-ska-slappas\/a\/mailto:redaktion@omni.se\" class=\"ArticleActions_contactLink__W2F1M\" rel=\"nofollow noopener\" target=\"_blank\">Kontakta redaktionen<\/a><\/p>\n","protected":false},"excerpt":{"rendered":"Hundratals m\u00e4nniskor samlades utanf\u00f6r f\u00e4ngelset Insein i Rangoon i Myanmar p\u00e5 s\u00f6ndagen, efter att den styrande milit\u00e4rjuntan meddelat&hellip;\n","protected":false},"author":2,"featured_media":126379,"comment_status":"","ping_status":"","sticky":false,"template":"","format":"standard","meta":{"footnotes":""},"categories":[14],"tags":[420,13133,22,23,26,27,17,21,24,25,28,29,9698,15,16,18,34,31,33,32,30,19,20,51,52,53,54],"class_list":{"0":"post-126378","1":"post","2":"type-post","3":"status-publish","4":"format-standard","5":"has-post-thumbnail","7":"category-varlden","8":"tag-asien","9":"tag-aung-san-suu-kyi","10":"tag-breaking-news","11":"tag-breakingnews","12":"tag-featured-news","13":"tag-featurednews","14":"tag-headlines","15":"tag-huvudnyheter","16":"tag-latest-news","17":"tag-latestnews","18":"tag-main-news","19":"tag-mainnews","20":"tag-myanmar","21":"tag-news","22":"tag-nyheter","23":"tag-rubriker","24":"tag-se","25":"tag-svenska","26":"tag-sverige","27":"tag-sweden","28":"tag-swedish","29":"tag-top-stories","30":"tag-topstories","31":"tag-varlden","32":"tag-world","33":"tag-world-news","34":"tag-worldnews"},"share_on_mastodon":{"url":"https:\/\/pubeurope.com\/@se\/115842633086308244","error":""},"_links":{"self":[{"href":"https:\/\/www.europesays.com\/se\/wp-json\/wp\/v2\/posts\/126378","targetHints":{"allow":["GET"]}}],"collection":[{"href":"https:\/\/www.europesays.com\/se\/wp-json\/wp\/v2\/posts"}],"about":[{"href":"https:\/\/www.europesays.com\/se\/wp-json\/wp\/v2\/types\/post"}],"author":[{"embeddable":true,"href":"https:\/\/www.europesays.com\/se\/wp-json\/wp\/v2\/users\/2"}],"replies":[{"embeddable":true,"href":"https:\/\/www.europesays.com\/se\/wp-json\/wp\/v2\/comments?post=126378"}],"version-history":[{"count":0,"href":"https:\/\/www.europesays.com\/se\/wp-json\/wp\/v2\/posts\/126378\/revisions"}],"wp:featuredmedia":[{"embeddable":true,"href":"https:\/\/www.europesays.com\/se\/wp-json\/wp\/v2\/media\/126379"}],"wp:attachment":[{"href":"https:\/\/www.europesays.com\/se\/wp-json\/wp\/v2\/media?parent=126378"}],"wp:term":[{"taxonomy":"category","embeddable":true,"href":"https:\/\/www.europesays.com\/se\/wp-json\/wp\/v2\/categories?post=126378"},{"taxonomy":"post_tag","embeddable":true,"href":"https:\/\/www.europesays.com\/se\/wp-json\/wp\/v2\/tags?post=126378"}],"curies":[{"name":"wp","href":"https:\/\/api.w.org\/{rel}","templated":true}]}}