{"id":126394,"date":"2026-01-05T13:24:47","date_gmt":"2026-01-05T13:24:47","guid":{"rendered":"https:\/\/www.europesays.com\/se\/126394\/"},"modified":"2026-01-05T13:24:47","modified_gmt":"2026-01-05T13:24:47","slug":"mardrom-for-alvar-myhlback-i-tour-de-ski-sprinten","status":"publish","type":"post","link":"https:\/\/www.europesays.com\/se\/126394\/","title":{"rendered":"Mardr\u00f6m f\u00f6r Alvar Myhlback i Tour de ski-sprinten"},"content":{"rendered":"<p>Publicerad 3 jan 2026 kl 15.39Uppdaterad kl 16.41<\/p>\n<p>Alvar Myhlback var framme i sprintkvart.<\/p>\n<p>D\u00e5 gick staven s\u00f6nder redan i starten.<\/p>\n<p>\u2013\u00a0Jag t\u00e4nkte fula ord d\u00e5, s\u00e4ger 19-\u00e5ringen.<\/p>\n<p><img   alt=\"\"\/>\u00d6ppna bild i helsk\u00e4rm<img loading=\"lazy\"   alt=\"\"\/>\u00d6ppna bild i helsk\u00e4rm<img loading=\"lazy\"   alt=\"\"\/>\u00d6ppna bild i helsk\u00e4rm<\/p>\n<p>19-\u00e5rige skidtalangen <a href=\"https:\/\/www.expressen.se\/tagg\/person\/alvar-myhlback\/\" class=\"\" rel=\"nofollow noopener\" target=\"_blank\">Alvar Myhlback<\/a> imponerade stort i sprintprologen i Val de Fiemme.<\/p>\n<p>Men n\u00e4r det var dags f\u00f6r kvartsfinal gick det inte v\u00e4gen alls.<\/p>\n<p>Ena staven gick s\u00f6nder redan i starten och Myhlback hamnade l\u00e5ngt efter klungan.<\/p>\n<p>\u2013 Nej, nej, nej, vad tr\u00e5kigt. Man var ju s\u00e5 nyfiken p\u00e5 hur det h\u00e4r skulle utspela sig. Men det \u00e4r ju k\u00f6rt f\u00f6r Alvar, s\u00e4ger experten Teodor Pettersson i Viaplay.<\/p>\n<p>\u2013 Fula ord t\u00e4nkte jag n\u00e4r staven br\u00f6ts, s\u00e4ger Myhlback.<\/p>\n<p>Stormade i v\u00e4g efter\u00e5t: \u201dVar arg\u201d<\/p>\n<p>Trots stavbrottet tog sig svensken \u00e4nd\u00e5 ikapp klungan, innan krafterna till sist sinade och Myhlback kom in p\u00e5 sista plats.<\/p>\n<p>\u2013 Han g\u00f6r en heroisk insats i alla fall, s\u00e4ger kommentatorn Jonas Karlsson i Viaplay.<\/p>\n<p>\u2013 Jag f\u00e5r g\u00f6ra ett j\u00e4vla jobb, s\u00e4ger Myhlback.<\/p>\n<p>Efter\u00e5t var 19-\u00e5ringen rej\u00e4lt besviken och stormade ut fr\u00e5n m\u00e5lf\u00e5llan.<\/p>\n<p>\u2013 Vill bara g\u00f6ra detta s\u00e5 fort som m\u00f6jligt och sen komma hem, s\u00e4ger han.<\/p>\n<p>\u2013 Jag var arg. Jag st\u00e4ller mig till start f\u00f6r att t\u00e4vla om det och s\u00e5 h\u00e4nder det h\u00e4r och jag f\u00e5r inte chansen att g\u00f6ra det. Det \u00e4r tr\u00e5kigt.<\/p>\n<p>Endast en svensk herr\u00e5kare, Anton Grahn, tog sig hela v\u00e4gen till final d\u00e4r han slutade trea.<\/p>\n<p>F\u00f6r Myhlback, Johan Ekberg och Edvin Anger tog det stopp i kvartsfinalen.<\/p>\n<p><img alt=\"\"\/>Ljudklippet gick inte att spela upp<\/p>\n<p>F\u00f6rs\u00f6k igen senare<\/p>\n","protected":false},"excerpt":{"rendered":"Publicerad 3 jan 2026 kl 15.39Uppdaterad kl 16.41 Alvar Myhlback var framme i sprintkvart. D\u00e5 gick staven s\u00f6nder&hellip;\n","protected":false},"author":2,"featured_media":126395,"comment_status":"","ping_status":"","sticky":false,"template":"","format":"standard","meta":{"footnotes":""},"categories":[68],"tags":[12204,8766,34,857,111,110,31,33,32,30],"class_list":{"0":"post-126394","1":"post","2":"type-post","3":"status-publish","4":"format-standard","5":"has-post-thumbnail","7":"category-sport","8":"tag-organization-tour-de-ski","9":"tag-person-alvar-myhlback","10":"tag-se","11":"tag-sections-langdskidor","12":"tag-sport","13":"tag-sports","14":"tag-svenska","15":"tag-sverige","16":"tag-sweden","17":"tag-swedish"},"share_on_mastodon":{"url":"https:\/\/pubeurope.com\/@se\/115842719559237684","error":""},"_links":{"self":[{"href":"https:\/\/www.europesays.com\/se\/wp-json\/wp\/v2\/posts\/126394","targetHints":{"allow":["GET"]}}],"collection":[{"href":"https:\/\/www.europesays.com\/se\/wp-json\/wp\/v2\/posts"}],"about":[{"href":"https:\/\/www.europesays.com\/se\/wp-json\/wp\/v2\/types\/post"}],"author":[{"embeddable":true,"href":"https:\/\/www.europesays.com\/se\/wp-json\/wp\/v2\/users\/2"}],"replies":[{"embeddable":true,"href":"https:\/\/www.europesays.com\/se\/wp-json\/wp\/v2\/comments?post=126394"}],"version-history":[{"count":0,"href":"https:\/\/www.europesays.com\/se\/wp-json\/wp\/v2\/posts\/126394\/revisions"}],"wp:featuredmedia":[{"embeddable":true,"href":"https:\/\/www.europesays.com\/se\/wp-json\/wp\/v2\/media\/126395"}],"wp:attachment":[{"href":"https:\/\/www.europesays.com\/se\/wp-json\/wp\/v2\/media?parent=126394"}],"wp:term":[{"taxonomy":"category","embeddable":true,"href":"https:\/\/www.europesays.com\/se\/wp-json\/wp\/v2\/categories?post=126394"},{"taxonomy":"post_tag","embeddable":true,"href":"https:\/\/www.europesays.com\/se\/wp-json\/wp\/v2\/tags?post=126394"}],"curies":[{"name":"wp","href":"https:\/\/api.w.org\/{rel}","templated":true}]}}