{"id":126398,"date":"2026-01-05T13:27:37","date_gmt":"2026-01-05T13:27:37","guid":{"rendered":"https:\/\/www.europesays.com\/se\/126398\/"},"modified":"2026-01-05T13:27:37","modified_gmt":"2026-01-05T13:27:37","slug":"kyla-och-hoga-elpriser-far-i-gang-karlshamnsverket","status":"publish","type":"post","link":"https:\/\/www.europesays.com\/se\/126398\/","title":{"rendered":"Kyla och h\u00f6ga elpriser f\u00e5r i\u00a0g\u00e5ng Karlshamnsverket"},"content":{"rendered":"<p>H\u00f6ga elpriser har triggat i g\u00e5ng det oljeeldade Karlshamnsverket under m\u00e5ndagen, rapporterar SVT.<\/p>\n<p>\u2013 Vi \u00e4r ig\u00e5ng, ja. Det korta och enkla svaret \u00e4r att det \u00e4r h\u00f6ga priser nu, och d\u00e4rf\u00f6r har vi blivit avropade av marknaden, s\u00e4ger Bj\u00f6rn Magnusson, kommunikationsansvarig f\u00f6r Karlshamnsverket, till Sveriges Television.<\/p>\n<p>Senast Karlshamnsverket var i drift var i b\u00f6rjan av december och nu har allts\u00e5 ett av de b\u00e5da blocken startat upp igen p\u00e5 grund av kylan och det vindstilla v\u00e4dret. <\/p>\n<p>Elpriset ligger p\u00e5 m\u00e5ndagen p\u00e5 1,50 kronor\/kWh i snitt, lika \u00f6ver hela landet, enligt elb\u00f6rsen Nord Pool.<\/p>\n<p>Omni \u00e4r politiskt obundna och oberoende. Vi str\u00e4var efter att ge fler perspektiv p\u00e5 nyheterna. Har du fr\u00e5gor eller synpunkter kring v\u00e5r rapportering? <a href=\"https:\/\/omni.se\/kyla-och-hoga-elpriser-har-satt-fart-pa-karlshamnsverket\/a\/mailto:redaktion@omni.se\" class=\"ArticleActions_contactLink__W2F1M\" rel=\"nofollow noopener\" target=\"_blank\">Kontakta redaktionen<\/a><\/p>\n","protected":false},"excerpt":{"rendered":"H\u00f6ga elpriser har triggat i g\u00e5ng det oljeeldade Karlshamnsverket under m\u00e5ndagen, rapporterar SVT. \u2013 Vi \u00e4r ig\u00e5ng, ja.&hellip;\n","protected":false},"author":2,"featured_media":126399,"comment_status":"","ping_status":"","sticky":false,"template":"","format":"standard","meta":{"footnotes":""},"categories":[65],"tags":[72,70,71,2302,291,13134,34,31,33,32,30],"class_list":{"0":"post-126398","1":"post","2":"type-post","3":"status-publish","4":"format-standard","5":"has-post-thumbnail","7":"category-ekonomi","8":"tag-business","9":"tag-economy","10":"tag-ekonomi","11":"tag-elpriser","12":"tag-energi-ravaror","13":"tag-karlshamn","14":"tag-se","15":"tag-svenska","16":"tag-sverige","17":"tag-sweden","18":"tag-swedish"},"share_on_mastodon":{"url":"https:\/\/pubeurope.com\/@se\/115842727444786176","error":""},"_links":{"self":[{"href":"https:\/\/www.europesays.com\/se\/wp-json\/wp\/v2\/posts\/126398","targetHints":{"allow":["GET"]}}],"collection":[{"href":"https:\/\/www.europesays.com\/se\/wp-json\/wp\/v2\/posts"}],"about":[{"href":"https:\/\/www.europesays.com\/se\/wp-json\/wp\/v2\/types\/post"}],"author":[{"embeddable":true,"href":"https:\/\/www.europesays.com\/se\/wp-json\/wp\/v2\/users\/2"}],"replies":[{"embeddable":true,"href":"https:\/\/www.europesays.com\/se\/wp-json\/wp\/v2\/comments?post=126398"}],"version-history":[{"count":0,"href":"https:\/\/www.europesays.com\/se\/wp-json\/wp\/v2\/posts\/126398\/revisions"}],"wp:featuredmedia":[{"embeddable":true,"href":"https:\/\/www.europesays.com\/se\/wp-json\/wp\/v2\/media\/126399"}],"wp:attachment":[{"href":"https:\/\/www.europesays.com\/se\/wp-json\/wp\/v2\/media?parent=126398"}],"wp:term":[{"taxonomy":"category","embeddable":true,"href":"https:\/\/www.europesays.com\/se\/wp-json\/wp\/v2\/categories?post=126398"},{"taxonomy":"post_tag","embeddable":true,"href":"https:\/\/www.europesays.com\/se\/wp-json\/wp\/v2\/tags?post=126398"}],"curies":[{"name":"wp","href":"https:\/\/api.w.org\/{rel}","templated":true}]}}