{"id":126402,"date":"2026-01-05T13:30:08","date_gmt":"2026-01-05T13:30:08","guid":{"rendered":"https:\/\/www.europesays.com\/se\/126402\/"},"modified":"2026-01-05T13:30:08","modified_gmt":"2026-01-05T13:30:08","slug":"polisinsats-hemma-hos-vicepresident-jd-vance-utrikes","status":"publish","type":"post","link":"https:\/\/www.europesays.com\/se\/126402\/","title":{"rendered":"Polisinsats hemma hos vicepresident JD Vance | Utrikes"},"content":{"rendered":"<p class=\"aw-1gybjub aw-5vja16 kEtdKx kmuxyA yle__article__paragraph\">En man har gripits under insatsen vid bostaden i Ohio. <\/p>\n<p><img decoding=\"async\" alt=\"JD Vance sitter vid ett bord och ser bister ut.\" src=\"https:\/\/www.europesays.com\/se\/wp-content\/uploads\/2026\/01\/39-1550841690f7496e892b.jpeg\" class=\"aw-1l9m598 hKVVvP\"\/><\/p>\n<p>\u00d6ppna bildvisare<\/p>\n<p>Vance och hans familj befann sig inte i hemmet n\u00e4r incidenten intr\u00e4ffade. Bild: Aaron Schwartz \/ AOPLyssna (du h\u00f6r en artificiell r\u00f6st) 0:41<\/p>\n<p class=\"aw-1gybjub aw-1p7kakr kEtdKx cEmitX yle__article__paragraph\">En utredning p\u00e5g\u00e5r efter en incident vid den amerikanska vicepresidenten JD Vances hem i delstaten Ohio i USA.<\/p>\n<p class=\"aw-1gybjub aw-1p7kakr kEtdKx cEmitX yle__article__paragraph\">Polisen har gripit en vuxen man vid bostaden, rapporterar CNN.<\/p>\n<p class=\"aw-1gybjub aw-1p7kakr kEtdKx cEmitX yle__article__paragraph\">H\u00e4ndelsen \u00e4gde rum strax efter midnatt lokal tid.<\/p>\n<p class=\"aw-1gybjub aw-1p7kakr kEtdKx cEmitX yle__article__paragraph\">Lokala medier uppger att f\u00f6nsterrutor krossats. Den anh\u00e5llna ska \u00e4nd\u00e5 inte ha lyckats ta sig in i hemmet.<\/p>\n<p class=\"aw-1gybjub aw-1p7kakr kEtdKx cEmitX yle__article__paragraph\">Polisen unders\u00f6ker nu om den gripna kan utg\u00f6ra ett hot mot Vance.<\/p>\n<p class=\"aw-1gybjub aw-1p7kakr kEtdKx cEmitX yle__article__paragraph\">K\u00e4lla: Reuters<\/p>\n<p class=\"aw-1gybjub aw-1p7kakr kEtdKx cEmitX yle__article__paragraph\">Artikeln uppdateras.<\/p>\n","protected":false},"excerpt":{"rendered":"En man har gripits under insatsen vid bostaden i Ohio. \u00d6ppna bildvisare Vance och hans familj befann sig&hellip;\n","protected":false},"author":2,"featured_media":126403,"comment_status":"","ping_status":"","sticky":false,"template":"","format":"standard","meta":{"footnotes":""},"categories":[5],"tags":[22,23,11403,26,27,17,21,1322,24,25,28,29,15,16,13135,1274,13137,18,34,31,33,32,30,19,20,74,13138,237,13136],"class_list":{"0":"post-126402","1":"post","2":"type-post","3":"status-publish","4":"format-standard","5":"has-post-thumbnail","7":"category-rubriker","8":"tag-breaking-news","9":"tag-breakingnews","10":"tag-cnn","11":"tag-featured-news","12":"tag-featurednews","13":"tag-headlines","14":"tag-huvudnyheter","15":"tag-j-d-vance","16":"tag-latest-news","17":"tag-latestnews","18":"tag-main-news","19":"tag-mainnews","20":"tag-news","21":"tag-nyheter","22":"tag-ohio","23":"tag-polisen","24":"tag-polisoperationer","25":"tag-rubriker","26":"tag-se","27":"tag-svenska","28":"tag-sverige","29":"tag-sweden","30":"tag-swedish","31":"tag-top-stories","32":"tag-topstories","33":"tag-usa","34":"tag-usas-vicepresident","35":"tag-utrikes","36":"tag-vicepresidenter"},"share_on_mastodon":{"url":"https:\/\/pubeurope.com\/@se\/115842739287354649","error":""},"_links":{"self":[{"href":"https:\/\/www.europesays.com\/se\/wp-json\/wp\/v2\/posts\/126402","targetHints":{"allow":["GET"]}}],"collection":[{"href":"https:\/\/www.europesays.com\/se\/wp-json\/wp\/v2\/posts"}],"about":[{"href":"https:\/\/www.europesays.com\/se\/wp-json\/wp\/v2\/types\/post"}],"author":[{"embeddable":true,"href":"https:\/\/www.europesays.com\/se\/wp-json\/wp\/v2\/users\/2"}],"replies":[{"embeddable":true,"href":"https:\/\/www.europesays.com\/se\/wp-json\/wp\/v2\/comments?post=126402"}],"version-history":[{"count":0,"href":"https:\/\/www.europesays.com\/se\/wp-json\/wp\/v2\/posts\/126402\/revisions"}],"wp:featuredmedia":[{"embeddable":true,"href":"https:\/\/www.europesays.com\/se\/wp-json\/wp\/v2\/media\/126403"}],"wp:attachment":[{"href":"https:\/\/www.europesays.com\/se\/wp-json\/wp\/v2\/media?parent=126402"}],"wp:term":[{"taxonomy":"category","embeddable":true,"href":"https:\/\/www.europesays.com\/se\/wp-json\/wp\/v2\/categories?post=126402"},{"taxonomy":"post_tag","embeddable":true,"href":"https:\/\/www.europesays.com\/se\/wp-json\/wp\/v2\/tags?post=126402"}],"curies":[{"name":"wp","href":"https:\/\/api.w.org\/{rel}","templated":true}]}}