{"id":126415,"date":"2026-01-05T13:51:07","date_gmt":"2026-01-05T13:51:07","guid":{"rendered":"https:\/\/www.europesays.com\/se\/126415\/"},"modified":"2026-01-05T13:51:07","modified_gmt":"2026-01-05T13:51:07","slug":"tonfisk-sald-for-30-miljoner-pa-auktion-i-tokyo","status":"publish","type":"post","link":"https:\/\/www.europesays.com\/se\/126415\/","title":{"rendered":"Tonfisk s\u00e5ld f\u00f6r 30 miljoner p\u00e5 auktion i Tokyo"},"content":{"rendered":"<p>En bl\u00e5fenad tonfisk har s\u00e5lts f\u00f6r rekorsumman 510 miljoner yen, motsvarande runt 30 miljoner kronor, p\u00e5 en fiskauktion i Tokyo. Tonfisken v\u00e4gde 243 kilo, vilket inneb\u00e4r ett kilopris p\u00e5 runt 124\u202f000 kronor. Det tidigare rekordet p\u00e5 334 miljoner yen bl\u00e5ste d\u00e4rmed all v\u00e4rldens v\u00e4g.<\/p>\n<p>K\u00f6paren var Kiyoshi Kimura, \u00e4gare av sushikedjan Sushi Zanmai.<\/p>\n<p>\u2013 N\u00e4r jag ser en fin tonfisk kan jag inte motst\u00e5 den. Jag har inte provsmakat, men den m\u00e5ste vara uts\u00f6kt, s\u00e4ger han enligt AP.<\/p>\n<p>Omni \u00e4r politiskt obundna och oberoende. Vi str\u00e4var efter att ge fler perspektiv p\u00e5 nyheterna. Har du fr\u00e5gor eller synpunkter kring v\u00e5r rapportering? <a href=\"https:\/\/omni.se\/tonfisk-sald-for-30-miljoner-pa-auktion-i-tokyo\/a\/mailto:redaktion@omni.se\" class=\"ArticleActions_contactLink__W2F1M\" rel=\"nofollow noopener\" target=\"_blank\">Kontakta redaktionen<\/a><\/p>\n","protected":false},"excerpt":{"rendered":"En bl\u00e5fenad tonfisk har s\u00e5lts f\u00f6r rekorsumman 510 miljoner yen, motsvarande runt 30 miljoner kronor, p\u00e5 en fiskauktion&hellip;\n","protected":false},"author":2,"featured_media":126416,"comment_status":"","ping_status":"","sticky":false,"template":"","format":"standard","meta":{"footnotes":""},"categories":[65],"tags":[420,72,415,70,71,2865,409,34,31,33,32,30],"class_list":{"0":"post-126415","1":"post","2":"type-post","3":"status-publish","4":"format-standard","5":"has-post-thumbnail","7":"category-ekonomi","8":"tag-asien","9":"tag-business","10":"tag-djur-natur","11":"tag-economy","12":"tag-ekonomi","13":"tag-japan","14":"tag-mat-dryck","15":"tag-se","16":"tag-svenska","17":"tag-sverige","18":"tag-sweden","19":"tag-swedish"},"share_on_mastodon":{"url":"https:\/\/pubeurope.com\/@se\/115842821851732264","error":""},"_links":{"self":[{"href":"https:\/\/www.europesays.com\/se\/wp-json\/wp\/v2\/posts\/126415","targetHints":{"allow":["GET"]}}],"collection":[{"href":"https:\/\/www.europesays.com\/se\/wp-json\/wp\/v2\/posts"}],"about":[{"href":"https:\/\/www.europesays.com\/se\/wp-json\/wp\/v2\/types\/post"}],"author":[{"embeddable":true,"href":"https:\/\/www.europesays.com\/se\/wp-json\/wp\/v2\/users\/2"}],"replies":[{"embeddable":true,"href":"https:\/\/www.europesays.com\/se\/wp-json\/wp\/v2\/comments?post=126415"}],"version-history":[{"count":0,"href":"https:\/\/www.europesays.com\/se\/wp-json\/wp\/v2\/posts\/126415\/revisions"}],"wp:featuredmedia":[{"embeddable":true,"href":"https:\/\/www.europesays.com\/se\/wp-json\/wp\/v2\/media\/126416"}],"wp:attachment":[{"href":"https:\/\/www.europesays.com\/se\/wp-json\/wp\/v2\/media?parent=126415"}],"wp:term":[{"taxonomy":"category","embeddable":true,"href":"https:\/\/www.europesays.com\/se\/wp-json\/wp\/v2\/categories?post=126415"},{"taxonomy":"post_tag","embeddable":true,"href":"https:\/\/www.europesays.com\/se\/wp-json\/wp\/v2\/tags?post=126415"}],"curies":[{"name":"wp","href":"https:\/\/api.w.org\/{rel}","templated":true}]}}