{"id":126422,"date":"2026-01-05T13:58:09","date_gmt":"2026-01-05T13:58:09","guid":{"rendered":"https:\/\/www.europesays.com\/se\/126422\/"},"modified":"2026-01-05T13:58:09","modified_gmt":"2026-01-05T13:58:09","slug":"nvidia-ryktas-ateruppliva-geforce-rtx-3060","status":"publish","type":"post","link":"https:\/\/www.europesays.com\/se\/126422\/","title":{"rendered":"Nvidia ryktas \u00e5teruppliva Geforce RTX 3060"},"content":{"rendered":"<p><strong>Den r\u00e5dande minnesbristen s\u00e4gs ha resulterat i att Nvidia kommer \u00e5teruppliva sitt fem \u00e5r gamla grafikkort Geforce RTX 3060.<\/strong><\/p>\n<p>Den r\u00e5dande minnesbristen har st\u00e4llt till det rej\u00e4lt p\u00e5 komponentmarknaden. Vi har sett priserna p\u00e5 RAM-minnen och lagringsenheter \u00f6ka stadigt. \u00c4ven grafikkortsmarknaden har k\u00e4nt av bristen med \u00f6kade priser d\u00e5 videominne blivit alltmer s\u00e4llsynt.<\/p>\n<p>Bristen s\u00e4gs nu ha tagit sig till den niv\u00e5 att Nvidia best\u00e4mt sig f\u00f6r att \u00e5teruppliva sitt tv\u00e5 generationer gamla grafikkort Geforce RTX 3060 som till en b\u00f6rjan lanserades \u00e5r 2021. Dock har vi inte f\u00e5tt n\u00e5gra ytterligare detaljer kring den p\u00e5st\u00e5dda nekromantin.<\/p>\n<p>RTX 3060 erbj\u00f6ds i tv\u00e5 olika varianter. En med tolv gigabyte videominne \u00f6ver en 192-bit bred minnesbuss och en med \u00e5tta gigabyte minne \u00f6ver en 128-bit bred minnesbuss. Ryktet som kommer fr\u00e5n l\u00e4ckaren @hongzing2020 p\u00e5 X n\u00e4mner inte vilken av varianterna som skulle \u00e5terinf\u00f6ras, bara att lanseringen ska ske n\u00e5gon g\u00e5ng under 2026 \u00e5rs f\u00f6rsta kvartal.<\/p>\n<blockquote class=\"twitter-tweet\">\n<p dir=\"ltr\" lang=\"en\">01.05update<br \/>rtx3060 Q1 come back\u2026 \ud83e\udd72<\/p>\n<p>\u2014 hongxing2020 (@hongxing2020) <a href=\"https:\/\/twitter.com\/hongxing2020\/status\/2008043115308065078?ref_src=twsrc%5Etfw\" rel=\"nofollow noopener\" target=\"_blank\">January 5, 2026<\/a><\/p>\n<\/blockquote>\n<p>Hur pass ryktet faktiskt st\u00e4mmer \u00e5terst\u00e5r att se. Nvidia f\u00f6rv\u00e4ntas avt\u00e4cka Geforce RTX 50 Super-seriens grafikkort nu vid \u00e5rets CES-m\u00e4ssa. Hur pass f\u00f6retaget faktiskt har fler \u00f6verraskningar p\u00e5 ing\u00e5ng \u00e4r allts\u00e5 n\u00e5got som helt enkelt \u00e5terst\u00e5r att se.<\/p>\n<p>    <script async src=\"https:\/\/platform.twitter.com\/widgets.js\" charset=\"utf-8\"><\/script><\/p>\n","protected":false},"excerpt":{"rendered":"Den r\u00e5dande minnesbristen s\u00e4gs ha resulterat i att Nvidia kommer \u00e5teruppliva sitt fem \u00e5r gamla grafikkort Geforce RTX&hellip;\n","protected":false},"author":2,"featured_media":48557,"comment_status":"","ping_status":"","sticky":false,"template":"","format":"standard","meta":{"footnotes":""},"categories":[66],"tags":[80,78,79,34,31,33,32,30,81,84,83,82],"class_list":{"0":"post-126422","1":"post","2":"type-post","3":"status-publish","4":"format-standard","5":"has-post-thumbnail","7":"category-vetenskap-och-teknik","8":"tag-science","9":"tag-science-and-technology","10":"tag-scienceandtechnology","11":"tag-se","12":"tag-svenska","13":"tag-sverige","14":"tag-sweden","15":"tag-swedish","16":"tag-technology","17":"tag-teknik","18":"tag-vetenskap","19":"tag-vetenskapteknik"},"share_on_mastodon":{"url":"https:\/\/pubeurope.com\/@se\/115842849449451564","error":""},"_links":{"self":[{"href":"https:\/\/www.europesays.com\/se\/wp-json\/wp\/v2\/posts\/126422","targetHints":{"allow":["GET"]}}],"collection":[{"href":"https:\/\/www.europesays.com\/se\/wp-json\/wp\/v2\/posts"}],"about":[{"href":"https:\/\/www.europesays.com\/se\/wp-json\/wp\/v2\/types\/post"}],"author":[{"embeddable":true,"href":"https:\/\/www.europesays.com\/se\/wp-json\/wp\/v2\/users\/2"}],"replies":[{"embeddable":true,"href":"https:\/\/www.europesays.com\/se\/wp-json\/wp\/v2\/comments?post=126422"}],"version-history":[{"count":0,"href":"https:\/\/www.europesays.com\/se\/wp-json\/wp\/v2\/posts\/126422\/revisions"}],"wp:featuredmedia":[{"embeddable":true,"href":"https:\/\/www.europesays.com\/se\/wp-json\/wp\/v2\/media\/48557"}],"wp:attachment":[{"href":"https:\/\/www.europesays.com\/se\/wp-json\/wp\/v2\/media?parent=126422"}],"wp:term":[{"taxonomy":"category","embeddable":true,"href":"https:\/\/www.europesays.com\/se\/wp-json\/wp\/v2\/categories?post=126422"},{"taxonomy":"post_tag","embeddable":true,"href":"https:\/\/www.europesays.com\/se\/wp-json\/wp\/v2\/tags?post=126422"}],"curies":[{"name":"wp","href":"https:\/\/api.w.org\/{rel}","templated":true}]}}