{"id":126438,"date":"2026-01-05T14:17:07","date_gmt":"2026-01-05T14:17:07","guid":{"rendered":"https:\/\/www.europesays.com\/se\/126438\/"},"modified":"2026-01-05T14:17:07","modified_gmt":"2026-01-05T14:17:07","slug":"tva-personbilar-och-buss-i-olycka-pa-onsalavagen-en-ford-till-sjukhus","status":"publish","type":"post","link":"https:\/\/www.europesays.com\/se\/126438\/","title":{"rendered":"Tv\u00e5 personbilar och buss i olycka p\u00e5 Onsalav\u00e4gen \u2013 en f\u00f6rd till sjukhus"},"content":{"rendered":"<p>Larmet kom vid kvart i tre under m\u00e5ndagseftermiddagen. R\u00e4ddningstj\u00e4nst, polis och ambulans kallades till platsen. <\/p>\n<p>I f\u00f6rsta skedet var det en buss och en personbil som kolliderade. I det andra skedet kom ytterligare en bil och k\u00f6rde p\u00e5 personbilen. <\/p>\n<p>\u2013 Min bild \u00e4r att f\u00f6raren av personbilen som hamnar mitt emellan \u00e4r den som nu f\u00e5tt \u00e5ka till sjukhus f\u00f6r kontroll, s\u00e4ger Adam Isaksson Samara, presstalesperson p\u00e5 polisen. <\/p>\n<p>Olyckan ska inte ha intr\u00e4ffat i n\u00e5gon h\u00f6gre hastighet enligt polisen. <\/p>\n<p>\u2013 Vi har i nul\u00e4get inga brottsmisstankar. <\/p>\n<p>Enligt Trafikverket kommer trafiken att p\u00e5verkas fram tills klockan 15:30. <\/p>\n<p>Texten uppdateras. <\/p>\n","protected":false},"excerpt":{"rendered":"Larmet kom vid kvart i tre under m\u00e5ndagseftermiddagen. R\u00e4ddningstj\u00e4nst, polis och ambulans kallades till platsen. I f\u00f6rsta skedet&hellip;\n","protected":false},"author":2,"featured_media":793,"comment_status":"","ping_status":"","sticky":false,"template":"","format":"standard","meta":{"footnotes":""},"categories":[12],"tags":[22,23,26,27,17,21,24,25,28,29,15,16,18,34,31,33,32,30,19,20],"class_list":{"0":"post-126438","1":"post","2":"type-post","3":"status-publish","4":"format-standard","5":"has-post-thumbnail","7":"category-sverige","8":"tag-breaking-news","9":"tag-breakingnews","10":"tag-featured-news","11":"tag-featurednews","12":"tag-headlines","13":"tag-huvudnyheter","14":"tag-latest-news","15":"tag-latestnews","16":"tag-main-news","17":"tag-mainnews","18":"tag-news","19":"tag-nyheter","20":"tag-rubriker","21":"tag-se","22":"tag-svenska","23":"tag-sverige","24":"tag-sweden","25":"tag-swedish","26":"tag-top-stories","27":"tag-topstories"},"share_on_mastodon":{"url":"https:\/\/pubeurope.com\/@se\/115842924118655593","error":""},"_links":{"self":[{"href":"https:\/\/www.europesays.com\/se\/wp-json\/wp\/v2\/posts\/126438","targetHints":{"allow":["GET"]}}],"collection":[{"href":"https:\/\/www.europesays.com\/se\/wp-json\/wp\/v2\/posts"}],"about":[{"href":"https:\/\/www.europesays.com\/se\/wp-json\/wp\/v2\/types\/post"}],"author":[{"embeddable":true,"href":"https:\/\/www.europesays.com\/se\/wp-json\/wp\/v2\/users\/2"}],"replies":[{"embeddable":true,"href":"https:\/\/www.europesays.com\/se\/wp-json\/wp\/v2\/comments?post=126438"}],"version-history":[{"count":0,"href":"https:\/\/www.europesays.com\/se\/wp-json\/wp\/v2\/posts\/126438\/revisions"}],"wp:featuredmedia":[{"embeddable":true,"href":"https:\/\/www.europesays.com\/se\/wp-json\/wp\/v2\/media\/793"}],"wp:attachment":[{"href":"https:\/\/www.europesays.com\/se\/wp-json\/wp\/v2\/media?parent=126438"}],"wp:term":[{"taxonomy":"category","embeddable":true,"href":"https:\/\/www.europesays.com\/se\/wp-json\/wp\/v2\/categories?post=126438"},{"taxonomy":"post_tag","embeddable":true,"href":"https:\/\/www.europesays.com\/se\/wp-json\/wp\/v2\/tags?post=126438"}],"curies":[{"name":"wp","href":"https:\/\/api.w.org\/{rel}","templated":true}]}}