{"id":126439,"date":"2026-01-05T14:18:08","date_gmt":"2026-01-05T14:18:08","guid":{"rendered":"https:\/\/www.europesays.com\/se\/126439\/"},"modified":"2026-01-05T14:18:08","modified_gmt":"2026-01-05T14:18:08","slug":"vattenfall-inspekterar-elnatet-ga-inte-nara-nedfallna-ledningar","status":"publish","type":"post","link":"https:\/\/www.europesays.com\/se\/126439\/","title":{"rendered":"Vattenfall inspekterar eln\u00e4tet \u2013 g\u00e5 inte n\u00e4ra nedfallna ledningar"},"content":{"rendered":"<p class=\"normal\">\u00c4ven om de flesta har str\u00f6mmen tillbaka efter ov\u00e4dren, p\u00e5g\u00e5r fortfarande arbete med att s\u00e4kra eln\u00e4tet. Vattenfall flyger med helikopter \u00f6ver Upplandsomr\u00e5det f\u00f6r att hitta skador.<\/p>\n<p><strong>T\u00e4nk p\u00e5 s\u00e4kerheten<\/strong><\/p>\n<p class=\"normal\">Det finns risk f\u00f6r att tr\u00e4d har fallit \u00f6ver ledningar eller att ledningar ligger p\u00e5 marken. Det \u00e4r livsfarligt att r\u00f6ra vid dessa.<\/p>\n<ul class=\" env-text-list normal\">\n<li>G\u00e5 aldrig n\u00e4ra en nedfallen elledning. \u00a0<\/li>\n<li>H\u00e5ll avst\u00e5nd till tr\u00e4d som ligger mot ledningar.<\/li>\n<\/ul>\n<p><strong>Rapportera in fel<\/strong><\/p>\n<p class=\"normal\">Vattenfall beh\u00f6ver din hj\u00e4lp f\u00f6r att hitta alla skador. Om du ser ett tr\u00e4d som riskerar att falla p\u00e5 en ledning, eller en ledning som ligger nere:<\/p>\n<ul class=\" env-text-list normal\">\n<li>Ring Vattenfall p\u00e5 <strong>020-82 58 58<\/strong>. \u00a0<\/li>\n<\/ul>\n<p class=\"normal\">Du kan f\u00f6lja det aktuella l\u00e4get och se driftinformation direkt via Vattenfalls app &#8221;Avbrottsinfo&#8221; eller p\u00e5 deras webbplats.<\/p>\n<ul class=\" env-text-list normal\">\n<li><a href=\"https:\/\/www.vattenfalleldistribution.se\/stromavbrott\/pagaende-stromavbrott\/\" rel=\"external nofollow noopener\" target=\"_blank\"> Aktuell st\u00f6rningsinformation hos Vattenfall L\u00e4nk till annan webbplats, \u00f6ppnas i nytt f\u00f6nster.<\/a><\/li>\n<\/ul>\n","protected":false},"excerpt":{"rendered":"\u00c4ven om de flesta har str\u00f6mmen tillbaka efter ov\u00e4dren, p\u00e5g\u00e5r fortfarande arbete med att s\u00e4kra eln\u00e4tet. Vattenfall flyger&hellip;\n","protected":false},"author":2,"featured_media":126440,"comment_status":"","ping_status":"","sticky":false,"template":"","format":"standard","meta":{"footnotes":""},"categories":[5],"tags":[22,23,26,27,17,21,24,25,28,29,15,16,18,34,31,33,32,30,19,20],"class_list":{"0":"post-126439","1":"post","2":"type-post","3":"status-publish","4":"format-standard","5":"has-post-thumbnail","7":"category-rubriker","8":"tag-breaking-news","9":"tag-breakingnews","10":"tag-featured-news","11":"tag-featurednews","12":"tag-headlines","13":"tag-huvudnyheter","14":"tag-latest-news","15":"tag-latestnews","16":"tag-main-news","17":"tag-mainnews","18":"tag-news","19":"tag-nyheter","20":"tag-rubriker","21":"tag-se","22":"tag-svenska","23":"tag-sverige","24":"tag-sweden","25":"tag-swedish","26":"tag-top-stories","27":"tag-topstories"},"share_on_mastodon":{"url":"https:\/\/pubeurope.com\/@se\/115842928028645358","error":""},"_links":{"self":[{"href":"https:\/\/www.europesays.com\/se\/wp-json\/wp\/v2\/posts\/126439","targetHints":{"allow":["GET"]}}],"collection":[{"href":"https:\/\/www.europesays.com\/se\/wp-json\/wp\/v2\/posts"}],"about":[{"href":"https:\/\/www.europesays.com\/se\/wp-json\/wp\/v2\/types\/post"}],"author":[{"embeddable":true,"href":"https:\/\/www.europesays.com\/se\/wp-json\/wp\/v2\/users\/2"}],"replies":[{"embeddable":true,"href":"https:\/\/www.europesays.com\/se\/wp-json\/wp\/v2\/comments?post=126439"}],"version-history":[{"count":0,"href":"https:\/\/www.europesays.com\/se\/wp-json\/wp\/v2\/posts\/126439\/revisions"}],"wp:featuredmedia":[{"embeddable":true,"href":"https:\/\/www.europesays.com\/se\/wp-json\/wp\/v2\/media\/126440"}],"wp:attachment":[{"href":"https:\/\/www.europesays.com\/se\/wp-json\/wp\/v2\/media?parent=126439"}],"wp:term":[{"taxonomy":"category","embeddable":true,"href":"https:\/\/www.europesays.com\/se\/wp-json\/wp\/v2\/categories?post=126439"},{"taxonomy":"post_tag","embeddable":true,"href":"https:\/\/www.europesays.com\/se\/wp-json\/wp\/v2\/tags?post=126439"}],"curies":[{"name":"wp","href":"https:\/\/api.w.org\/{rel}","templated":true}]}}