{"id":126448,"date":"2026-01-05T14:26:07","date_gmt":"2026-01-05T14:26:07","guid":{"rendered":"https:\/\/www.europesays.com\/se\/126448\/"},"modified":"2026-01-05T14:26:07","modified_gmt":"2026-01-05T14:26:07","slug":"stockholms-tingsratt-ger-lararna-ratt-staten-ansvarig-for-diskrimineringen-av-gravida-larare","status":"publish","type":"post","link":"https:\/\/www.europesays.com\/se\/126448\/","title":{"rendered":"Stockholms tingsr\u00e4tt ger l\u00e4rarna r\u00e4tt: Staten ansvarig f\u00f6r\u00a0diskrimineringen av\u00a0gravida l\u00e4rare"},"content":{"rendered":"<p>\u00a0\u2013 Det \u00e4r mycket gl\u00e4djande att tingsr\u00e4tten sl\u00e5r fast att staten haft ett grundl\u00e4ggande ansvar f\u00f6r inkomstf\u00f6rlusten den gjort v\u00e5ra medlemmar har haft, s\u00e4ger Anna Olskog, f\u00f6rbundsordf\u00f6randen f\u00f6r Sveriges L\u00e4rare.\u00a0<br \/>\u00a0<br \/>\u2013Tingsr\u00e4ttens dom g\u00f6r att det \u00e4ntligen finns ett avg\u00f6rande som ger \u00e4ven privat anst\u00e4llda medlemmar r\u00e4tt till ers\u00e4ttning.\u00a0\u00a0<br \/>\u00a0<br \/><strong>Felaktigt genomf\u00f6rande av EU-r\u00e4tten ledde till stora inkomstf\u00f6rluster<\/strong>\u00a0<br \/>Under pandemin f\u00f6rbj\u00f6ds m\u00e5nga gravida, inte minst\u00a0l\u00e4rare,\u00a0att arbeta och h\u00e4nvisades i st\u00e4llet till graviditetspenning.\u00a0Graviditetspenningen t\u00e4cker endast 80 procent av l\u00f6nen upp till ett l\u00e4gre tak \u00e4n sjukf\u00f6rs\u00e4kringens, vilket innebar att m\u00e5nga f\u00f6rlorade upp till halva sin inkomst\u00a0under graviditeten.\u00a0<br \/>\u00a0<br \/>EU:s m\u00f6draskyddsdirektiv kr\u00e4ver att gravida som f\u00f6rbjuds att arbeta ska f\u00e5 beh\u00e5lla sin inkomst \u2013 genom l\u00f6n, socialf\u00f6rs\u00e4kringsers\u00e4ttning eller en kombination av b\u00e5da.\u00a0Ett s\u00e4mre skydd motverkar\u00a0direktivets syfte att skydda kvinnan, graviditeten och det v\u00e4ntade barnet.\u00a0Men svensk lagstiftning gav, och ger fortfarande, gravida arbetstagare\u00a0ett\u00a0s\u00e4mre ekonomiskt skydd \u00e4n vad direktivet f\u00f6reskriver.\u00a0<br \/>\u00a0<br \/><strong>V\u00e5ra medlemmar har f\u00e5tt b\u00e4ra kostnaden f\u00f6r statens misstag<\/strong>\u00a0<br \/>\u2013 Tv\u00e5 av landets h\u00f6gsta instanser\u00a0\u2013\u00a0Arbetsdomstolen och H\u00f6gsta f\u00f6rvaltningsr\u00e4tten\u00a0\u2013\u00a0har redan fastslagit att Sverige inte tillgodosett v\u00e5ra medlemmars r\u00e4ttigheter. Under flera \u00e5r har offentliga arbetsgivare och\u00a0andra offentliga akt\u00f6rer\u00a0pekat p\u00e5 varandra, medan v\u00e5ra medlemmar f\u00e5tt b\u00e4ra kostnaden f\u00f6r statens felaktiga genomf\u00f6rande av EU-r\u00e4tten. S\u00e5 kan vi inte ha det, s\u00e4ger\u00a0Anna Olskog.\u00a0<br \/>\u00a0<br \/>\u2013 Detta p\u00e5verkar\u00a0gravida anst\u00e4lldas r\u00e4ttigheter p\u00e5 hela den svenska arbetsmarknaden, understryker Anna Olskog.\u00a0<br \/>\u00a0<br \/><strong>F\u00f6rsta domen<\/strong><strong>\u00a0<\/strong><strong>i<\/strong><strong>\u00a0<\/strong><strong>viktiga principiella fr\u00e5gor g\u00e4llande<\/strong><strong>\u00a0<\/strong><strong>EU-r\u00e4tten<\/strong>\u00a0<br \/>Sveriges L\u00e4rare menar att\u00a0tingsr\u00e4ttens slutsatser \u00e4r viktiga pusselbitar\u00a0f\u00f6r att st\u00e4rka enskildas m\u00f6jligheter att h\u00e4vda sina EU-r\u00e4ttsliga r\u00e4ttigheter i Sverige.\u00a0<\/p>\n<p>Domen\u00a0kan verka i riktning mot ett mer samvetsgrant genomf\u00f6rande av de individuella r\u00e4ttigheter som EU-r\u00e4tten i vissa fall garanterar. Det \u00e4r inte bara viktigt att statliga och kommunala myndigheter beh\u00f6ver ett st\u00f6rre medvetande om sitt sj\u00e4lvst\u00e4ndiga ansvar att f\u00f6lja unionsr\u00e4tten, som har f\u00f6retr\u00e4de framf\u00f6r svensk lag vid\u00a0konflikt.\u00a0Domen kan\u00a0komma att \u00f6verklagas och att det beh\u00f6vs prejudicerande avg\u00f6randen.\u00a0<\/p>\n<p>F\u00f6rbundet framh\u00e5ller att inf\u00f6rlivandet av m\u00f6draskyddsdirektivet m\u00e5ste ses \u00f6ver i sin helhet och inf\u00f6rlivas p\u00e5 ett mer transparent och r\u00e4ttss\u00e4kert s\u00e4tt.\u00a0<\/p>\n<p><strong\/><strong>Krav p\u00e5 lag\u00e4ndringar<\/strong>\u00a0<br \/>Sveriges L\u00e4rare har under flera \u00e5r f\u00f6rt r\u00e4ttsprocesser i f\u00f6rvaltningsdomstolarna, Arbetsdomstolen och allm\u00e4n domstol f\u00f6r att s\u00e4kerst\u00e4lla att gravida l\u00e4rares r\u00e4ttigheter tillgodoses. F\u00f6rbundet driver \u00e4ven krav p\u00e5 lag\u00e4ndringar tillsammans med andra fackf\u00f6rbund och kommunala arbetsgivare.<\/p>\n<p>\u2013 Staten b\u00f6r ha det ekonomiska ansvaret, s\u00e4ger Anna Olskog. Det \u00e4r inte bara rimligt och naturligt, det kan ocks\u00e5 vara viktigt f\u00f6r att motverka diskriminering av kvinnor i barnaf\u00f6dande \u00e5lder vid rekrytering, s\u00e4ger Anna Olskog<br \/>\u00a0<br \/>Arbetsdomstolen har tidigare slagit fast att offentliga arbetsgivare \u00e4r skyldiga att betala l\u00f6n s\u00e5 att gravida f\u00e5r en sammantagen inkomst som motsvarar den fasta l\u00f6nen och vissa till\u00e4gg.\u00a0En princip\u00f6verenskommelse har gjorts mellan kommunernas arbetsgivarorganisation och de ber\u00f6rda facken om hur de enskilda ska kompenseras.\u00a0Den statliga\u00a0Arbetsgivarverket\u00a0har uppmanat myndigheter att f\u00f6lja domen och ers\u00e4tta drabbade\u00a0arbetstagare.\u00a0<br \/>\u00a0<br \/><strong>Privat anst\u00e4llda<\/strong><strong>\u00a0<\/strong><strong>kan f\u00e5 ers\u00e4ttning av staten<\/strong>\u00a0<br \/>De privatanst\u00e4llda l\u00e4rare som omfattas av talan f\u00e5r nu, liksom de offentligt anst\u00e4llda, r\u00e4tt till ers\u00e4ttning f\u00f6r sin ekonomiska skada. F\u00f6rbundet menar att Arbetsdomstolens dom dessutom st\u00e4rker m\u00f6jligheterna att rikta\u00a0motsvarande krav\u00a0och krav p\u00e5 diskrimineringsers\u00e4ttning\u00a0mot privata arbetsgivare.\u00a0\u00a0<\/p>\n<p><strong\/><strong>\u00d6verv\u00e4ger \u00f6verklagande<\/strong> <br \/>Tingsr\u00e4ttens dom inneb\u00e4r att staten har ansvar dels f\u00f6r att betala en ers\u00e4ttning motsvarande den l\u00f6n v\u00e5ra medlemmar har r\u00e4tt till ut\u00f6ver graviditetspenningen, dels en ers\u00e4ttning f\u00f6r den diskriminering de utsatts f\u00f6r.<\/p>\n<p>De flesta l\u00e4rarna drabbades av arbetsf\u00f6rbud i samband med pandemin. Tingsr\u00e4tten anser utbetalningarna av graviditetspenningen ska vara utg\u00e5ngspunkt f\u00f6r den preskriptionsfrist om tv\u00e5 \u00e5r som g\u00e4ller enligt diskrimineringslagen. Det g\u00f6r tyv\u00e4rr att staten i m\u00e5nga fall slipper undan att betala diskrimineringsers\u00e4ttningen med h\u00e4nvisning till att det g\u00e5tt f\u00f6r l\u00e5ng tid.\u00a0<br \/>\u00a0<br \/>\u2013 Vi tycker att det \u00e4r orimligt att v\u00e5ra medlemmar som litat p\u00e5 att den svenska lagstiftningen inte varit diskriminerande ska g\u00e5 miste om kr\u00e4nkningsers\u00e4ttningen. Det \u00e4r orimligt att st\u00e4lla h\u00f6gre krav p\u00e5 v\u00e5ra medlemmar \u00e4n p\u00e5 de myndigheter och arbetsgivare som samtliga brustit i att ge det skydd som v\u00e5ra medlemmar har haft r\u00e4tt till.<\/p>\n<p>Sveriges L\u00e4rare analyserar nu tingsr\u00e4ttens dom och \u00f6verv\u00e4ger om den b\u00f6r \u00f6verklagas. F\u00f6rbundet anser att medlemmarnas krav inte kan anses preskriberade eftersom det inte funnits rimliga f\u00f6ruts\u00e4ttningar att k\u00e4nna till sina r\u00e4ttigheter n\u00e4r \u00f6vertr\u00e4delserna begicks.<\/p>\n<p><strong>F\u00f6rbundet forts\u00e4tter arbetet<\/strong>\u00a0<br \/>\u2013 Vi g\u00f6r allt vi kan f\u00f6r att alla v\u00e5ra medlemmar ska f\u00e5 r\u00e4tt ers\u00e4ttning\u00a0och har beslutat oss f\u00f6r att g\u00e5 till botten med detta. Domen \u00e4r ett viktigt steg, men arbetet forts\u00e4tter.\u00a0Vi hoppas f\u00f6rst\u00e5s att statenoavsett om den beslutar sig f\u00f6r\u00a0att \u00f6verklaga\u00a0tar\u00a0ansvar f\u00f6r den skada den f\u00f6rorsakat f\u00f6r\u00a0samtliga av\u00a0v\u00e5ra medlemmar och andra som f\u00f6rbjudits arbeta\u00a0i samband med graviditet, avslutar Anna Olskog, f\u00f6rbundsordf\u00f6randen f\u00f6r Sveriges L\u00e4rare.\u00a0<\/p>\n","protected":false},"excerpt":{"rendered":"\u00a0\u2013 Det \u00e4r mycket gl\u00e4djande att tingsr\u00e4tten sl\u00e5r fast att staten haft ett grundl\u00e4ggande ansvar f\u00f6r inkomstf\u00f6rlusten den&hellip;\n","protected":false},"author":2,"featured_media":126449,"comment_status":"","ping_status":"","sticky":false,"template":"","format":"standard","meta":{"footnotes":""},"categories":[5],"tags":[22,23,26,27,17,21,24,25,28,29,15,16,18,34,31,33,32,30,19,20],"class_list":{"0":"post-126448","1":"post","2":"type-post","3":"status-publish","4":"format-standard","5":"has-post-thumbnail","7":"category-rubriker","8":"tag-breaking-news","9":"tag-breakingnews","10":"tag-featured-news","11":"tag-featurednews","12":"tag-headlines","13":"tag-huvudnyheter","14":"tag-latest-news","15":"tag-latestnews","16":"tag-main-news","17":"tag-mainnews","18":"tag-news","19":"tag-nyheter","20":"tag-rubriker","21":"tag-se","22":"tag-svenska","23":"tag-sverige","24":"tag-sweden","25":"tag-swedish","26":"tag-top-stories","27":"tag-topstories"},"share_on_mastodon":{"url":"https:\/\/pubeurope.com\/@se\/115842959539796686","error":""},"_links":{"self":[{"href":"https:\/\/www.europesays.com\/se\/wp-json\/wp\/v2\/posts\/126448","targetHints":{"allow":["GET"]}}],"collection":[{"href":"https:\/\/www.europesays.com\/se\/wp-json\/wp\/v2\/posts"}],"about":[{"href":"https:\/\/www.europesays.com\/se\/wp-json\/wp\/v2\/types\/post"}],"author":[{"embeddable":true,"href":"https:\/\/www.europesays.com\/se\/wp-json\/wp\/v2\/users\/2"}],"replies":[{"embeddable":true,"href":"https:\/\/www.europesays.com\/se\/wp-json\/wp\/v2\/comments?post=126448"}],"version-history":[{"count":0,"href":"https:\/\/www.europesays.com\/se\/wp-json\/wp\/v2\/posts\/126448\/revisions"}],"wp:featuredmedia":[{"embeddable":true,"href":"https:\/\/www.europesays.com\/se\/wp-json\/wp\/v2\/media\/126449"}],"wp:attachment":[{"href":"https:\/\/www.europesays.com\/se\/wp-json\/wp\/v2\/media?parent=126448"}],"wp:term":[{"taxonomy":"category","embeddable":true,"href":"https:\/\/www.europesays.com\/se\/wp-json\/wp\/v2\/categories?post=126448"},{"taxonomy":"post_tag","embeddable":true,"href":"https:\/\/www.europesays.com\/se\/wp-json\/wp\/v2\/tags?post=126448"}],"curies":[{"name":"wp","href":"https:\/\/api.w.org\/{rel}","templated":true}]}}