{"id":126454,"date":"2026-01-05T14:33:17","date_gmt":"2026-01-05T14:33:17","guid":{"rendered":"https:\/\/www.europesays.com\/se\/126454\/"},"modified":"2026-01-05T14:33:17","modified_gmt":"2026-01-05T14:33:17","slug":"fler-klarar-gymnasiet-i-landskrona-men-utmaningar-kvarstar-landskrona-direkt","status":"publish","type":"post","link":"https:\/\/www.europesays.com\/se\/126454\/","title":{"rendered":"Fler klarar gymnasiet i Landskrona, men utmaningar kvarst\u00e5r &#8211; Landskrona Direkt"},"content":{"rendered":"<ol>\n<li><a href=\"https:\/\/news.google.com\/rss\/articles\/CBMipgFBVV95cUxNSWJDZE9fXy1TWlRQM0FxZFZaU2tiOW16WFg1SmVMOTg1MlNkV1lHNGlHSTZoSm1mMjhaSXJZb2NXMVB2ZFJlRndmZ1FmWXNmTUk4bG1jM3ZGOXpTdEZFUllfRWJidEJJdHF5SEc0OURTMTZkWHlNdElzLTdENFlubGNaM3ZPcnF1RE1RQXdsMTUtTm16RFlfUGMzYWFCVmh2MklKazBR?oc=5\" target=\"_blank\" rel=\"nofollow noopener\">Fler klarar gymnasiet i Landskrona, men utmaningar kvarst\u00e5r<\/a>&nbsp;&nbsp;Landskrona Direkt<\/li>\n<li><a href=\"https:\/\/news.google.com\/rss\/articles\/CBMitwFBVV95cUxPV3NaSVNlLVQxampiREZENDNTQTZwWjVqUmk2LUVucEF5T2VxanhJQmRmWTlJWll6WHhkdld2QTE3eFpqQ2haUTA5cl9udUVmZGQyMzR1cjl3LUctbkNLVGxEclpkUGp4QTNWOVJCaWlIQ0drcTVIWUxyQnRRRXVweDhaRGhaMnVHOGdrVmdBcjRCLUVEZEpKX0JSd1FnWUxxYmN2bjNCVUlXWWQ3TWU5b2I2QlM2OGc?oc=5\" target=\"_blank\" rel=\"nofollow noopener\">H\u00f6gsta andelen med gymnasieexamen p\u00e5 \u00f6ver ett decennium \u2013 resultat skola f\u00f6r skola<\/a>&nbsp;&nbsp;VF<\/li>\n<li><a href=\"https:\/\/news.google.com\/rss\/articles\/CBMimgFBVV95cUxNXzJxdGd4eXdsdzAwbUU0eXdEV2tpY3JqZEI5VE1xZ0JSaVJrelBvQXVwNDJ5RGRVN1M0R1BDT3g4OUtlOXByMndVX3p5UHFGbXRGMHA5WnMyblFRbVE3NUY0enBjblYxVXVYcE4xOXJDSC13NDQwSy1GSmFXRC01OEtYbEdYQkR4VUtCUS1SczlwR1p0MlV5WlZ3?oc=5\" target=\"_blank\" rel=\"nofollow noopener\">SIFFROR: S\u00e5 stor andel tar studenten fr\u00e5n Arvikaskolorna<\/a>&nbsp;&nbsp;Arvika Nyheter<\/li>\n<li><a href=\"https:\/\/news.google.com\/rss\/articles\/CBMiUkFVX3lxTE95UmFtZ3k5ZEo1V0t2eFNLdzM1YkYtSGwxUUpJSGh6U1hMTFRpTzIxeU80d1RTanlZVzVvUU1VN3hPc3I1RVZOb2kwZ3czU0U1R1E?oc=5\" target=\"_blank\" rel=\"nofollow noopener\">Fler klarade gymnasieexamen i Uddevalla \u2013 resultaten skola f\u00f6r skola<\/a>&nbsp;&nbsp;Newsworthy<\/li>\n<li><a href=\"https:\/\/news.google.com\/rss\/articles\/CBMiUkFVX3lxTFAwNVpHRHFFTWo1dE4xZ1FVa2kyR19pYnRnUU1TRFFtTDNuZFhxeHFVT1Rrb3UtdUpmX1lNWm54OVB5UXdXclB1Mmd4dk9salZxelE?oc=5\" target=\"_blank\" rel=\"nofollow noopener\">Fler klarade examen p\u00e5 yrkesprogrammen \u2013 s\u00e5 h\u00e4r ser det ut i Klippan<\/a>&nbsp;&nbsp;Newsworthy<\/li>\n<\/ol>\n","protected":false},"excerpt":{"rendered":"Fler klarar gymnasiet i Landskrona, men utmaningar kvarst\u00e5r&nbsp;&nbsp;Landskrona Direkt H\u00f6gsta andelen med gymnasieexamen p\u00e5 \u00f6ver ett decennium \u2013&hellip;\n","protected":false},"author":2,"featured_media":126455,"comment_status":"","ping_status":"","sticky":false,"template":"","format":"standard","meta":{"footnotes":""},"categories":[12],"tags":[22,23,26,27,17,21,24,25,28,29,15,16,18,34,31,33,32,30,19,20],"class_list":{"0":"post-126454","1":"post","2":"type-post","3":"status-publish","4":"format-standard","5":"has-post-thumbnail","7":"category-sverige","8":"tag-breaking-news","9":"tag-breakingnews","10":"tag-featured-news","11":"tag-featurednews","12":"tag-headlines","13":"tag-huvudnyheter","14":"tag-latest-news","15":"tag-latestnews","16":"tag-main-news","17":"tag-mainnews","18":"tag-news","19":"tag-nyheter","20":"tag-rubriker","21":"tag-se","22":"tag-svenska","23":"tag-sverige","24":"tag-sweden","25":"tag-swedish","26":"tag-top-stories","27":"tag-topstories"},"share_on_mastodon":{"url":"https:\/\/pubeurope.com\/@se\/115842987094720303","error":""},"_links":{"self":[{"href":"https:\/\/www.europesays.com\/se\/wp-json\/wp\/v2\/posts\/126454","targetHints":{"allow":["GET"]}}],"collection":[{"href":"https:\/\/www.europesays.com\/se\/wp-json\/wp\/v2\/posts"}],"about":[{"href":"https:\/\/www.europesays.com\/se\/wp-json\/wp\/v2\/types\/post"}],"author":[{"embeddable":true,"href":"https:\/\/www.europesays.com\/se\/wp-json\/wp\/v2\/users\/2"}],"replies":[{"embeddable":true,"href":"https:\/\/www.europesays.com\/se\/wp-json\/wp\/v2\/comments?post=126454"}],"version-history":[{"count":0,"href":"https:\/\/www.europesays.com\/se\/wp-json\/wp\/v2\/posts\/126454\/revisions"}],"wp:featuredmedia":[{"embeddable":true,"href":"https:\/\/www.europesays.com\/se\/wp-json\/wp\/v2\/media\/126455"}],"wp:attachment":[{"href":"https:\/\/www.europesays.com\/se\/wp-json\/wp\/v2\/media?parent=126454"}],"wp:term":[{"taxonomy":"category","embeddable":true,"href":"https:\/\/www.europesays.com\/se\/wp-json\/wp\/v2\/categories?post=126454"},{"taxonomy":"post_tag","embeddable":true,"href":"https:\/\/www.europesays.com\/se\/wp-json\/wp\/v2\/tags?post=126454"}],"curies":[{"name":"wp","href":"https:\/\/api.w.org\/{rel}","templated":true}]}}