{"id":126456,"date":"2026-01-05T14:34:15","date_gmt":"2026-01-05T14:34:15","guid":{"rendered":"https:\/\/www.europesays.com\/se\/126456\/"},"modified":"2026-01-05T14:34:15","modified_gmt":"2026-01-05T14:34:15","slug":"jvm-gavin-mckennas-hjarnslapp-nar-kanada-missade-final-igen","status":"publish","type":"post","link":"https:\/\/www.europesays.com\/se\/126456\/","title":{"rendered":"JVM \u2022 Gavin McKennas hj\u00e4rnsl\u00e4pp \u2013 n\u00e4r Kanada missade final igen"},"content":{"rendered":"<p>Publicerad 5 jan 2026 kl 09.20Uppdaterad kl 13.04<\/p>\n<p>Kanada fick stryk i JVM-semin \u2013 och supertalangen Gavin McKenna sk\u00e4mde ut sig i slutet av rysaren mot Tjeckien.\u00a0<\/p>\n<p>\u2013 Det suger, s\u00e4ger McKenna.\u00a0<\/p>\n<p><img loading=\"lazy\"   alt=\"\"\/><\/p>\n<p>En trulig Gavin McKenna m\u00f6ter medier efter JVM-semifinalen.<\/p>\n<p>Foto: Johan Eriksson<\/p>\n<p>\u00d6ppna bild i helsk\u00e4rm<img loading=\"lazy\"   alt=\"\"\/><\/p>\n<p>McKenna stod i b\u00e5set n\u00e4r alla hans lagkamrater var kvar ute p\u00e5 isen f\u00f6r att tacka Tjeckien f\u00f6r matchen.<\/p>\n<p>Foto: Johan Eriksson<\/p>\n<p>\u00d6ppna bild i helsk\u00e4rm<\/p>\n<p>Gavin McKenna har varit en av de mest omtalade spelarna i Kanada \u2013 och d\u00e4rmed hela <a href=\"https:\/\/www.expressen.se\/tagg\/organization\/jvm\/\" class=\"\" rel=\"nofollow noopener\" target=\"_blank\">JVM<\/a> \u2013 under m\u00e4sterskapstiden i Minnesota.<\/p>\n<p>Det \u00e4r han som v\u00e4ntas g\u00e5 som f\u00f6rstaval i NHL-draften i sommar och han har haft \u00f6gonen p\u00e5 sig hela turneringen. 18-\u00e5ringen \u00e4r med i toppen av JVM:s po\u00e4ngliga med tre m\u00e5l och sju assist p\u00e5 sex matchen, men efter seminfinalen \u00e4r scouternas anteckningar om McKenna nog inte s\u00e5 lyriska.\u00a0<\/p>\n<p>Med sex minuter kvar av matchen, n\u00e4r Kanada jagade en kvittering, drog McKenna en crosschecking i ansiktet p\u00e5 en tjeckisk motst\u00e5ndare. Det numer\u00e4ra \u00f6verl\u00e4get klarade Kanada, och kaptenen Porter Martone kvitterade kort d\u00e4refter.<\/p>\n<p><img loading=\"lazy\"   alt=\"\"\/><\/p>\n<p>Gavin McKenna.<\/p>\n<p>Foto: MICHAEL TURNER \/ STELLA PICTURES<\/p>\n<p>\u00d6ppna bild i helsk\u00e4rmL\u00e4mnade allt \u2013 under nationals\u00e5ngen<\/p>\n<p>Men n\u00e4r Tjeckien gjort 5\u20134 och sen petade in 6\u20134 i tom kasse i sista minuten rann det \u00f6ver f\u00f6r McKenna igen. D\u00e5 drog han p\u00e5 sig 2 plus 10 minuters utvisning f\u00f6r osportsligt upptr\u00e4dande.\u00a0<\/p>\n<p>N\u00e4r resten av laget stod p\u00e5 bl\u00e5linjen f\u00f6r att tacka tjeckerna f\u00f6r matchen stod McKenna i det kanadensiska b\u00e5set, halvv\u00e4gs ner i spelarg\u00e5ngen, och n\u00e4r den tjeckiska nationals\u00e5ngen gick talangen helt sonika sin v\u00e4g.\u00a0<\/p>\n<p>\u2013 Det suger att svika sitt land, s\u00e4ger McKenna efter matchen.<\/p>\n<p>I en tv-intervju med kanadensiska TSN gn\u00e4llde McKenna ocks\u00e5 p\u00e5 domarna.\u00a0<\/p>\n<p>\u2013 \u00c4rligt talat, det \u00e4r sv\u00e5rt att t\u00e4nka just nu. Vi hade n\u00e5gra studsar som inte gick v\u00e5r v\u00e4g. Deras sista m\u00e5l sparkas in och r\u00e4knas&#8230; Jag vet inte, s\u00e4ger han.\u00a0<\/p>\n<p>5\u20134-m\u00e5let han pratar om gick till videogranskning. Pucken som sk\u00f6ts mot m\u00e5l av Max Curran studsade f\u00f6rst p\u00e5 kanadensaren Michael Misas skridsko och d\u00e4refter tjecken Tomas Poletins skridsko, men eftersom det inte var fr\u00e5ga om n\u00e5n distinkt sparkr\u00f6relse godk\u00e4ndes m\u00e5let, helt korrekt. \u00a0<\/p>\n<p>F\u00f6r Kanada \u00e4r det tredje g\u00e5ngen i rad man missar finalen. Alla tre g\u00e5nger har man blivit utslaget av Tjeckien.\u00a0<\/p>\n<p>\u2013 Vi kom hit f\u00f6r att ta guld, det var det vi ville ha. Det blir definitivt tufft att studsa tillbaka i morgon, men vi har det i oss. Jag kan \u00f6nska att vi kontrollerat matchen b\u00e4ttre och lyckats sakta ner den, men det \u00e4r som det \u00e4r. Vi k\u00e4mpade \u00e4nda in i kaklet, s\u00e4ger Porter Martone.<\/p>\n","protected":false},"excerpt":{"rendered":"Publicerad 5 jan 2026 kl 09.20Uppdaterad kl 13.04 Kanada fick stryk i JVM-semin \u2013 och supertalangen Gavin McKenna&hellip;\n","protected":false},"author":2,"featured_media":126457,"comment_status":"","ping_status":"","sticky":false,"template":"","format":"standard","meta":{"footnotes":""},"categories":[5],"tags":[22,23,26,27,17,21,24,25,28,29,15,16,5945,18,34,255,31,33,32,30,19,20],"class_list":{"0":"post-126456","1":"post","2":"type-post","3":"status-publish","4":"format-standard","5":"has-post-thumbnail","7":"category-rubriker","8":"tag-breaking-news","9":"tag-breakingnews","10":"tag-featured-news","11":"tag-featurednews","12":"tag-headlines","13":"tag-huvudnyheter","14":"tag-latest-news","15":"tag-latestnews","16":"tag-main-news","17":"tag-mainnews","18":"tag-news","19":"tag-nyheter","20":"tag-organization-jvm","21":"tag-rubriker","22":"tag-se","23":"tag-sections-ishockey","24":"tag-svenska","25":"tag-sverige","26":"tag-sweden","27":"tag-swedish","28":"tag-top-stories","29":"tag-topstories"},"share_on_mastodon":{"url":"https:\/\/pubeurope.com\/@se\/115842990963803047","error":""},"_links":{"self":[{"href":"https:\/\/www.europesays.com\/se\/wp-json\/wp\/v2\/posts\/126456","targetHints":{"allow":["GET"]}}],"collection":[{"href":"https:\/\/www.europesays.com\/se\/wp-json\/wp\/v2\/posts"}],"about":[{"href":"https:\/\/www.europesays.com\/se\/wp-json\/wp\/v2\/types\/post"}],"author":[{"embeddable":true,"href":"https:\/\/www.europesays.com\/se\/wp-json\/wp\/v2\/users\/2"}],"replies":[{"embeddable":true,"href":"https:\/\/www.europesays.com\/se\/wp-json\/wp\/v2\/comments?post=126456"}],"version-history":[{"count":0,"href":"https:\/\/www.europesays.com\/se\/wp-json\/wp\/v2\/posts\/126456\/revisions"}],"wp:featuredmedia":[{"embeddable":true,"href":"https:\/\/www.europesays.com\/se\/wp-json\/wp\/v2\/media\/126457"}],"wp:attachment":[{"href":"https:\/\/www.europesays.com\/se\/wp-json\/wp\/v2\/media?parent=126456"}],"wp:term":[{"taxonomy":"category","embeddable":true,"href":"https:\/\/www.europesays.com\/se\/wp-json\/wp\/v2\/categories?post=126456"},{"taxonomy":"post_tag","embeddable":true,"href":"https:\/\/www.europesays.com\/se\/wp-json\/wp\/v2\/tags?post=126456"}],"curies":[{"name":"wp","href":"https:\/\/api.w.org\/{rel}","templated":true}]}}