{"id":126461,"date":"2026-01-05T14:41:06","date_gmt":"2026-01-05T14:41:06","guid":{"rendered":"https:\/\/www.europesays.com\/se\/126461\/"},"modified":"2026-01-05T14:41:06","modified_gmt":"2026-01-05T14:41:06","slug":"halka-och-influensa-ger-langa-koer-till-akuten","status":"publish","type":"post","link":"https:\/\/www.europesays.com\/se\/126461\/","title":{"rendered":"Halka och influensa ger l\u00e5nga k\u00f6er till akuten"},"content":{"rendered":"<p class=\"ort\">L\u00e4net<\/p>\n<p class=\"text\">\u2013 Trettonhelgen \u00e4r vanligtvis en av sjukv\u00e5rdens mest anstr\u00e4ngda helger. Just nu har vi ett tufft l\u00e4ge p\u00e5 l\u00e4nets sjukhus, b\u00e5de p\u00e5 grund av h\u00f6g smittspridning av influensa och i kombination med ett v\u00e4derl\u00e4ge d\u00e4r m\u00e5nga halkar och sl\u00e5r sig, s\u00e4ger Johan Bratt, chefl\u00e4kare i Region Stockholm i ett pressmeddelande.<\/p>\n<p class=\"text\">Fler v\u00e5rdplatser har \u00f6ppnats upp f\u00f6r att klara det anstr\u00e4ngda l\u00e4get. Regionen beskriver kapaciteten som b\u00e4ttre \u00e4n f\u00f6rra \u00e5ret, b\u00e5de p\u00e5 sjukhusen och inom geriatriken \u2013  men att v\u00e4ntetiderna p\u00e5 akutmottagningarna just nu \u00e4r l\u00e4ngre \u00e4n vanligt.<\/p>\n<p><img decoding=\"async\" class=\"Image Image_\" src=\"\" data-aghref=\"http:\/\/www.mitti.se\/image-3.238394.271191.20260105142406.d14a33b835\" data-agimagetype=\"hardcrop\" alt=\"Johan Bratt, chefsl\u00e4kare, uppmanar den som \u00e4r sjuk att ringa 1177 f\u00f6rst.\"\/><\/p>\n<p class=\"Caption\">Johan Bratt, chefsl\u00e4kare, uppmanar den som \u00e4r sjuk att ringa 1177 f\u00f6rst.<\/p>\n<p class=\"Source\">Region Stockholm\/Anna Molander<\/p>\n<p class=\"text\">\u2013 Jag vill uppmana v\u00e5ra inv\u00e5nare att ringa 1177 f\u00f6r r\u00e5d om man k\u00e4nner sig sjuk, s\u00e5 att man f\u00e5r v\u00e5rd p\u00e5 r\u00e4tt st\u00e4lle, s\u00e4ger Johan Bratt.<\/p>\n","protected":false},"excerpt":{"rendered":"L\u00e4net \u2013 Trettonhelgen \u00e4r vanligtvis en av sjukv\u00e5rdens mest anstr\u00e4ngda helger. Just nu har vi ett tufft l\u00e4ge&hellip;\n","protected":false},"author":2,"featured_media":126462,"comment_status":"","ping_status":"","sticky":false,"template":"","format":"standard","meta":{"footnotes":""},"categories":[12],"tags":[22,23,26,27,17,21,24,25,28,29,15,16,18,34,31,33,32,30,19,20],"class_list":{"0":"post-126461","1":"post","2":"type-post","3":"status-publish","4":"format-standard","5":"has-post-thumbnail","7":"category-sverige","8":"tag-breaking-news","9":"tag-breakingnews","10":"tag-featured-news","11":"tag-featurednews","12":"tag-headlines","13":"tag-huvudnyheter","14":"tag-latest-news","15":"tag-latestnews","16":"tag-main-news","17":"tag-mainnews","18":"tag-news","19":"tag-nyheter","20":"tag-rubriker","21":"tag-se","22":"tag-svenska","23":"tag-sverige","24":"tag-sweden","25":"tag-swedish","26":"tag-top-stories","27":"tag-topstories"},"share_on_mastodon":{"url":"https:\/\/pubeurope.com\/@se\/115843018686223103","error":""},"_links":{"self":[{"href":"https:\/\/www.europesays.com\/se\/wp-json\/wp\/v2\/posts\/126461","targetHints":{"allow":["GET"]}}],"collection":[{"href":"https:\/\/www.europesays.com\/se\/wp-json\/wp\/v2\/posts"}],"about":[{"href":"https:\/\/www.europesays.com\/se\/wp-json\/wp\/v2\/types\/post"}],"author":[{"embeddable":true,"href":"https:\/\/www.europesays.com\/se\/wp-json\/wp\/v2\/users\/2"}],"replies":[{"embeddable":true,"href":"https:\/\/www.europesays.com\/se\/wp-json\/wp\/v2\/comments?post=126461"}],"version-history":[{"count":0,"href":"https:\/\/www.europesays.com\/se\/wp-json\/wp\/v2\/posts\/126461\/revisions"}],"wp:featuredmedia":[{"embeddable":true,"href":"https:\/\/www.europesays.com\/se\/wp-json\/wp\/v2\/media\/126462"}],"wp:attachment":[{"href":"https:\/\/www.europesays.com\/se\/wp-json\/wp\/v2\/media?parent=126461"}],"wp:term":[{"taxonomy":"category","embeddable":true,"href":"https:\/\/www.europesays.com\/se\/wp-json\/wp\/v2\/categories?post=126461"},{"taxonomy":"post_tag","embeddable":true,"href":"https:\/\/www.europesays.com\/se\/wp-json\/wp\/v2\/tags?post=126461"}],"curies":[{"name":"wp","href":"https:\/\/api.w.org\/{rel}","templated":true}]}}