{"id":126476,"date":"2026-01-05T14:54:12","date_gmt":"2026-01-05T14:54:12","guid":{"rendered":"https:\/\/www.europesays.com\/se\/126476\/"},"modified":"2026-01-05T14:54:12","modified_gmt":"2026-01-05T14:54:12","slug":"samsung-presenterar-uppgraderade-oled-tv-apparater-enorma-skarmstorlekar-och-en-ny-lifestyle-projektor-pa-ces-2026","status":"publish","type":"post","link":"https:\/\/www.europesays.com\/se\/126476\/","title":{"rendered":"Samsung presenterar uppgraderade OLED-TV-apparater, enorma sk\u00e4rmstorlekar och en ny lifestyle-projektor p\u00e5 CES 2026"},"content":{"rendered":"<ul id=\"a6df3086-6a81-43e6-84dc-924c625be80c\">\n<li><strong>Samsung avsl\u00f6jar OLED-TV-apparater f\u00f6r 2026, d\u00e4r Glare Free-teknik nu tar steget ner till mellanklassen med S90H<\/strong><\/li>\n<li><strong>F\u00f6retaget satsar ocks\u00e5 stort p\u00e5 stora sk\u00e4rmstorlekar, med 115-tumssk\u00e4rmar bekr\u00e4ftade<\/strong><\/li>\n<li><strong>Samsung visade \u00e4ven Freestyle+, en b\u00e4rbar projektor som eftertr\u00e4der Samsung Freestyle Gen 2<\/strong><\/li>\n<\/ul>\n<p id=\"591adcec-cb8f-4266-8a5e-79bc3d6f98d7\" class=\"paywall\" aria-hidden=\"true\">Under CES har <a data-analytics-id=\"inline-link\" href=\"https:\/\/global.techradar.com\/sv-se\/tag\/samsung\" data-auto-tag-linker=\"true\" data-url=\"https:\/\/global.techradar.com\/sv-se\/tag\/samsung\" data-hl-processed=\"none\" data-mrf-recirculation=\"inline-link\" data-before-rewrite-localise=\"https:\/\/global.techradar.com\/sv-se\/tag\/samsung\" rel=\"nofollow noopener\" target=\"_blank\">Samsung<\/a> presenterat sin TV-lineup f\u00f6r 2026, som omfattar uppgraderade <a data-analytics-id=\"inline-link\" href=\"https:\/\/global.techradar.com\/sv-se\/tag\/oled\" data-auto-tag-linker=\"true\" data-url=\"https:\/\/global.techradar.com\/sv-se\/tag\/oled\" data-hl-processed=\"none\" data-mrf-recirculation=\"inline-link\" data-before-rewrite-localise=\"https:\/\/global.techradar.com\/sv-se\/tag\/oled\" rel=\"nofollow noopener\" target=\"_blank\">OLED<\/a>-TV-apparater, nya lifestyle-TV-apparater, stora sk\u00e4rmstorlekar samt en efterf\u00f6ljare till den b\u00e4rbara projektorn Samsung Freestyle Gen 2.<\/p>\n<p>Flera av fjol\u00e5rets <a data-analytics-id=\"inline-link\" href=\"https:\/\/global.techradar.com\/sv-se\/best\/test-basta-tv\" target=\"_blank\" data-url=\"https:\/\/global.techradar.com\/sv-se\/best\/test-basta-tv\" data-hl-processed=\"none\" data-mrf-recirculation=\"inline-link\" data-before-rewrite-localise=\"https:\/\/global.techradar.com\/sv-se\/best\/test-basta-tv\" rel=\"nofollow noopener\">b\u00e4sta TV-apparater<\/a> kom fr\u00e5n Samsung, s\u00e5 f\u00f6rv\u00e4ntningarna inf\u00f6r 2026 \u00e4r h\u00f6ga. Utifr\u00e5n de f\u00f6rsta tillk\u00e4nnagivandena p\u00e5 CES 2026 ser det ut som att Samsung kommer att leva upp till dem.<\/p>\n<p><a id=\"elk-seasonal\" class=\"paywall\" aria-hidden=\"true\" data-url=\"\" href=\"\" target=\"_blank\" referrerpolicy=\"no-referrer-when-downgrade\" data-hl-processed=\"none\"\/><\/p>\n<p id=\"591adcec-cb8f-4266-8a5e-79bc3d6f98d7-2\">F\u00f6retaget har sedan tidigare presenterat sin <a data-analytics-id=\"inline-link\" href=\"https:\/\/www.techradar.com\/televisions\/samsungs-enormous-micro-rgb-tv-is-coming-to-smaller-screen-sizes-and-it-borrows-one-great-feature-from-samsung-oled-tvs\" target=\"_blank\" data-mrf-recirculation=\"inline-link\" rel=\"nofollow noopener\">nya serie Samsung Micro RGB-TV-apparater<\/a>, som kommer att finnas i storlekarna 55, 65, 75, 85 och 100 tum. Dessa f\u00e5r Samsungs Glare Free-sk\u00e4rm med antireflexbehandling.<\/p>\n<p>Du kanske gillar<\/p>\n<p>Samsungs senaste NQ4 AI-processor f\u00f6r TV-apparater inneh\u00e5ller flera AI-uppgraderingar, d\u00e4ribland f\u00f6rb\u00e4ttrad <a data-analytics-id=\"inline-link\" href=\"https:\/\/global.techradar.com\/sv-se\/tag\/4k\" data-auto-tag-linker=\"true\" data-url=\"https:\/\/global.techradar.com\/sv-se\/tag\/4k\" data-hl-processed=\"none\" data-mrf-recirculation=\"inline-link\" data-before-rewrite-localise=\"https:\/\/global.techradar.com\/sv-se\/tag\/4k\" rel=\"nofollow noopener\" target=\"_blank\">4K<\/a> AI Upscaling, ett AI-anpassningsl\u00e4ge som justerar bildinst\u00e4llningarna efter dina preferenser baserat p\u00e5 inneh\u00e5llet som visas, samt Auto <a data-analytics-id=\"inline-link\" href=\"https:\/\/global.techradar.com\/sv-se\/tag\/hdr\" data-auto-tag-linker=\"true\" data-url=\"https:\/\/global.techradar.com\/sv-se\/tag\/hdr\" data-hl-processed=\"none\" data-mrf-recirculation=\"inline-link\" data-before-rewrite-localise=\"https:\/\/global.techradar.com\/sv-se\/tag\/hdr\" rel=\"nofollow noopener\" target=\"_blank\">HDR<\/a> Remastering, som skalar upp material i standard dynamic range till high dynamic range.<\/p>\n<p>F\u00f6r fotbollsfans finns ett nytt AI Soccer Mode som automatiskt anpassar bild- och r\u00f6relseinst\u00e4llningar n\u00e4r systemet k\u00e4nner av att en fotbollsmatch visas. P\u00e5 ljudsidan introduceras ocks\u00e5 AI-f\u00f6rb\u00e4ttringar, inklusive Adaptive Sound och AI Sound Controller, d\u00e4r den senare l\u00e5ter dig justera enskilda ljudlager som dialog och musik separat.<\/p>\n<p>P\u00e5 OLED-fronten blir nya flaggskeppet Samsung S95H efterf\u00f6ljaren till en av fjol\u00e5rets <a data-analytics-id=\"inline-link\" href=\"https:\/\/global.techradar.com\/sv-se\/best\/test-basta-oled-tv\" target=\"_blank\" data-url=\"https:\/\/global.techradar.com\/sv-se\/best\/test-basta-oled-tv\" data-hl-processed=\"none\" data-mrf-recirculation=\"inline-link\" data-before-rewrite-localise=\"https:\/\/global.techradar.com\/sv-se\/best\/test-basta-oled-tv\" rel=\"nofollow noopener\">b\u00e4sta OLED-TV-apparater<\/a>, <a data-analytics-id=\"inline-link\" href=\"https:\/\/global.techradar.com\/sv-se\/televisions\/vi-har-testat-samsungs-toppmodell-s95f-och-dess-ljusstarka-bild-och-reflexfria-skarm-gor-oled-striden-2025-annu-mer-spannande\" target=\"_blank\" data-url=\"https:\/\/global.techradar.com\/sv-se\/televisions\/vi-har-testat-samsungs-toppmodell-s95f-och-dess-ljusstarka-bild-och-reflexfria-skarm-gor-oled-striden-2025-annu-mer-spannande\" data-hl-processed=\"none\" data-mrf-recirculation=\"inline-link\" data-before-rewrite-localise=\"https:\/\/global.techradar.com\/sv-se\/televisions\/vi-har-testat-samsungs-toppmodell-s95f-och-dess-ljusstarka-bild-och-reflexfria-skarm-gor-oled-striden-2025-annu-mer-spannande\" rel=\"nofollow noopener\">Samsung S95F<\/a>. S95H f\u00e5r designf\u00f6r\u00e4ndringar, bland annat en metallram, och beh\u00e5ller den tr\u00e5dl\u00f6sa Zero Connect-boxen som introducerades i fjol. Mellanklassmodellen Samsung S90H f\u00e5r OLED Glare Free-tekniken som tidigare varit reserverad f\u00f6r Samsungs flaggskepps-OLED- och mini-LED-modeller, medan instegsmodellen S85H f\u00f6r f\u00f6rsta g\u00e5ngen kommer i 48-tumsversion.<\/p>\n<p id=\"0780b521-b6c9-4980-9d14-a7250da06dba\">Den stora nyheten i Samsungs Neo QLED-serie med mini-LED f\u00f6r 2026 \u00e4r satsningen p\u00e5 \u00e4nnu st\u00f6rre sk\u00e4rmar. H\u00e4r ing\u00e5r en 115-tums Samsung QN90H, efterf\u00f6ljaren till fjol\u00e5rets imponerande <a data-analytics-id=\"inline-link\" href=\"https:\/\/global.techradar.com\/sv-se\/televisions\/jag-har-testat-samsungs-basta-mini-led-tv-och-dess-glare-free-skarmteknik-gor-den-perfekt-for-gaming-och-sport\" target=\"_blank\" data-url=\"https:\/\/global.techradar.com\/sv-se\/televisions\/jag-har-testat-samsungs-basta-mini-led-tv-och-dess-glare-free-skarmteknik-gor-den-perfekt-for-gaming-och-sport\" data-hl-processed=\"none\" data-mrf-recirculation=\"inline-link\" data-before-rewrite-localise=\"https:\/\/global.techradar.com\/sv-se\/televisions\/jag-har-testat-samsungs-basta-mini-led-tv-och-dess-glare-free-skarmteknik-gor-den-perfekt-for-gaming-och-sport\" rel=\"nofollow noopener\">Samsung QN90F<\/a>, samt en 100-tums Samsung QN80H. Den senare f\u00e5r AI-funktioner som ska f\u00f6rb\u00e4ttra material i l\u00e4gre uppl\u00f6sning p\u00e5 de st\u00f6rre sk\u00e4rmarna.<\/p>\n<p class=\"newsletter-form__strapline\">Registrera dig f\u00f6r senaste nyheter, recensioner, \u00e5sikter, toppteknologiska erbjudanden och mer.<\/p>\n<p>N\u00e4r det g\u00e4ller lifestyle-TV-apparater kommer The Frame Pro nu \u00e4ven i en mindre 55-tumsstorlek. F\u00f6r f\u00f6rsta g\u00e5ngen i serien anv\u00e4nder The Frame inte One Connect-boxen, utan i st\u00e4llet inbyggda anslutningar som en mer traditionell TV. Samsung lanserar dessutom en ny 98-tumsmodell \u2013 den st\u00f6rsta The Frame-TV:n hittills. Slutligen kommer 43- och 50-tumsmodeller av The Frame som fortsatt anv\u00e4nder One Connect-boxen.<\/p>\n<p>Samsung visade \u00e4ven en efterf\u00f6ljare till den b\u00e4rbara projektorn The Freestyle, kallad Freestyle+. F\u00f6rutom dubbelt s\u00e5 h\u00f6g ljusstyrka j\u00e4mf\u00f6rt med <a data-analytics-id=\"inline-link\" href=\"https:\/\/www.techradar.com\/televisions\/home-theater\/projectors\/samsung-the-freestyle-second-gen-review\" target=\"_blank\" data-mrf-recirculation=\"inline-link\" rel=\"nofollow noopener\">Freestyle 2nd Gen<\/a> och f\u00f6rb\u00e4ttrat ljud erbjuder Freestyle+ AI-funktioner f\u00f6r enklare bildplacering och f\u00f6rb\u00e4ttrad bildkvalitet.<\/p>\n<p>L\u00e4s vidare f\u00f6r alla detaljer kring Samsungs nya sk\u00e4rmar.<\/p>\n<p>Du kanske gillar<\/p>\n<p><a id=\"elk-47ea0c57-7710-4e11-b9ad-74de2b759300\" class=\"paywall\" aria-hidden=\"true\" data-url=\"\" href=\"\" target=\"_blank\" referrerpolicy=\"no-referrer-when-downgrade\" data-hl-processed=\"none\"\/>OLED<\/p>\n<p class=\"vanilla-image-block\" style=\"padding-top:56.25%;\">\n<p><img decoding=\"async\" src=\"https:\/\/www.europesays.com\/se\/wp-content\/uploads\/2026\/01\/isKSzJJXuYiYtTcCoKpSVe.jpg\" alt=\"Samsung S90F\"   loading=\"lazy\" data-new-v2-image=\"true\" data-original-mos=\"https:\/\/www.europesays.com\/se\/wp-content\/uploads\/2026\/01\/isKSzJJXuYiYtTcCoKpSVe.jpg\" data-pin-media=\"https:\/\/www.europesays.com\/se\/wp-content\/uploads\/2026\/01\/isKSzJJXuYiYtTcCoKpSVe.jpg\" class=\"inline\"\/>\n<\/p>\n<p>Kan Samsung S90H, eftertr\u00e4daren till Samsung S90F (bilden ovan), bli OLED-sk\u00e4rmen som \u00f6vertr\u00e4ffar LG C5? (Image credit: Future)<\/p>\n<p id=\"7fb45681-e088-44ed-8e30-c9eecf1b29cd\">Flaggskeppet Samsung S95H OLED kommer att finnas i storlekarna 55, 65, 77 och 83 tum och forts\u00e4tter att anv\u00e4nda en QD-OLED-panel. De st\u00f6rsta f\u00f6r\u00e4ndringarna handlar om design. TV:n anv\u00e4nder Wireless One Connect Box, som f\u00f6rst introducerades i fjol med Samsung QN990F och The Frame Pro, d\u00e4r anslutningar f\u00f6r externa enheter sitter i en separat box som skickar signalerna tr\u00e5dl\u00f6st till TV:n. S95H f\u00e5r ocks\u00e5 metallram och ramkant samt levereras med ett slimmat v\u00e4ggf\u00e4ste. Samsung uppger att S95H \u00e4r 35 procent ljusare \u00e4n f\u00f6reg\u00e5ngaren Samsung S95F.<\/p>\n<p>Samsung S90H \u00e4r mellanklass-OLED f\u00f6r 2026 och f\u00f6rb\u00e4ttrar Samsung S90F med cirka 15 procent h\u00f6gre ljusstyrka. Den stora nyheten \u00e4r st\u00f6det f\u00f6r Samsungs OLED Glare Free-sk\u00e4rm, som vi upplever \u00e4r effektiv f\u00f6r att minska spegelliknande reflektioner i ljusa rum. Med st\u00f6d f\u00f6r 4K i 165 Hz, <a data-analytics-id=\"inline-link\" href=\"https:\/\/global.techradar.com\/sv-se\/tag\/nvidia\" data-auto-tag-linker=\"true\" data-url=\"https:\/\/global.techradar.com\/sv-se\/tag\/nvidia\" data-hl-processed=\"none\" data-mrf-recirculation=\"inline-link\" data-before-rewrite-localise=\"https:\/\/global.techradar.com\/sv-se\/tag\/nvidia\" rel=\"nofollow noopener\" target=\"_blank\">Nvidia<\/a> G-Sync, FreeSync, ALLM och HDR10+ Gaming b\u00f6r S90H placera sig bland de <a data-analytics-id=\"inline-link\" href=\"https:\/\/global.techradar.com\/sv-se\/best\/test-basta-gaming-tv\" target=\"_blank\" data-url=\"https:\/\/global.techradar.com\/sv-se\/best\/test-basta-gaming-tv\" data-hl-processed=\"none\" data-mrf-recirculation=\"inline-link\" data-before-rewrite-localise=\"https:\/\/global.techradar.com\/sv-se\/best\/test-basta-gaming-tv\" rel=\"nofollow noopener\">b\u00e4sta TV-apparaterna f\u00f6r spel<\/a>.<\/p>\n<p>Detaljerna kring instegsmodellen Samsung S85H \u00e4r \u00e4n s\u00e5 l\u00e4nge f\u00e5, men den \u00e4r bekr\u00e4ftad i en ny 48-tumsstorlek.<\/p>\n<p><a id=\"elk-bd602181-2d41-458c-898f-f8234e8de8f7\" class=\"paywall\" aria-hidden=\"true\" data-url=\"\" href=\"\" target=\"_blank\" referrerpolicy=\"no-referrer-when-downgrade\" data-hl-processed=\"none\"\/>Stora Neo QLED- och QLED-TV-apparater, inklusive The Frame<\/p>\n<p id=\"9436ecd6-585d-491d-9a61-dc6d35b36076\">Samsungs tillk\u00e4nnagivanden bekr\u00e4ftar f\u00f6retagets tydliga satsning p\u00e5 st\u00f6rre TV-storlekar, med flera nya riktigt stora sk\u00e4rmar. Bland dem finns en 115-tums Samsung QN90H, efterf\u00f6ljaren till femstj\u00e4rniga den Samsung QN90F. Vi uts\u00e5g QN90F till b\u00e4sta TV f\u00f6r sport och om QN90H f\u00f6ljer i samma fotsp\u00e5r kan 115-tummaren bli den ultimata TV-apparaten f\u00f6r sporttittande i st\u00f6rre s\u00e4llskap. Presentationen inkluderade \u00e4ven en 100-tums Samsung QN80H, mellanklassmodellen i serien.<\/p>\n<p>Samsungs nya 98-tums The Frame \u00e4r den st\u00f6rsta lifestyle- och Art-TV:n som lanserats hittills. Denna st\u00f6rre The Frame anv\u00e4nder en QLED-panel och inbyggda anslutningar i st\u00e4llet f\u00f6r en extern One Connect-box.<\/p>\n<p><a id=\"elk-af3fc8c0-34e8-4eca-9061-e8776c9b9a9f\" class=\"paywall\" aria-hidden=\"true\" data-url=\"\" href=\"\" target=\"_blank\" referrerpolicy=\"no-referrer-when-downgrade\" data-hl-processed=\"none\"\/>Samsung Freestyle+<\/p>\n<p id=\"97053236-4a60-4763-8ef7-3f699faacf62\">Samsung presenterade ocks\u00e5 en efterf\u00f6ljare till Samsung Freestyle 2nd Gen, en av de b\u00e4sta b\u00e4rbara projektorerna, under namnet Samsung Freestyle+. Den nya projektorn ska vara dubbelt s\u00e5 ljusstark som Freestyle 2nd Gen och har f\u00f6rb\u00e4ttrat inbyggt ljud.<\/p>\n<p>Freestyle+ f\u00e5r funktionen AI Optiscreen som g\u00f6r det enkelt att placera bilden korrekt, med bland annat AI-baserad automatisk keystone-korrigering och m\u00f6jlighet att projicera p\u00e5 oj\u00e4mna ytor. En Screen Fill-funktion anpassar automatiskt bilden till projektorduken, och det finns st\u00f6d f\u00f6r Adaptive Picture och Q Symphony. Slutligen kan v\u00e4ggf\u00e4rgskalibrering justera bilden f\u00f6r icke-vita ytor, vilket ger ett mer naturligt bildresultat.<\/p>\n<p id=\"541c6168-f06e-4ae4-ba99-54e2f85eb15e\"><strong>L\u00e4s vidare:<\/strong><\/p>\n","protected":false},"excerpt":{"rendered":"Samsung avsl\u00f6jar OLED-TV-apparater f\u00f6r 2026, d\u00e4r Glare Free-teknik nu tar steget ner till mellanklassen med S90H F\u00f6retaget satsar&hellip;\n","protected":false},"author":2,"featured_media":126477,"comment_status":"","ping_status":"","sticky":false,"template":"","format":"standard","meta":{"footnotes":""},"categories":[66],"tags":[80,78,79,34,31,33,32,30,81,84,83,82],"class_list":{"0":"post-126476","1":"post","2":"type-post","3":"status-publish","4":"format-standard","5":"has-post-thumbnail","7":"category-vetenskap-och-teknik","8":"tag-science","9":"tag-science-and-technology","10":"tag-scienceandtechnology","11":"tag-se","12":"tag-svenska","13":"tag-sverige","14":"tag-sweden","15":"tag-swedish","16":"tag-technology","17":"tag-teknik","18":"tag-vetenskap","19":"tag-vetenskapteknik"},"share_on_mastodon":{"url":"https:\/\/pubeurope.com\/@se\/115843069651085978","error":""},"_links":{"self":[{"href":"https:\/\/www.europesays.com\/se\/wp-json\/wp\/v2\/posts\/126476","targetHints":{"allow":["GET"]}}],"collection":[{"href":"https:\/\/www.europesays.com\/se\/wp-json\/wp\/v2\/posts"}],"about":[{"href":"https:\/\/www.europesays.com\/se\/wp-json\/wp\/v2\/types\/post"}],"author":[{"embeddable":true,"href":"https:\/\/www.europesays.com\/se\/wp-json\/wp\/v2\/users\/2"}],"replies":[{"embeddable":true,"href":"https:\/\/www.europesays.com\/se\/wp-json\/wp\/v2\/comments?post=126476"}],"version-history":[{"count":0,"href":"https:\/\/www.europesays.com\/se\/wp-json\/wp\/v2\/posts\/126476\/revisions"}],"wp:featuredmedia":[{"embeddable":true,"href":"https:\/\/www.europesays.com\/se\/wp-json\/wp\/v2\/media\/126477"}],"wp:attachment":[{"href":"https:\/\/www.europesays.com\/se\/wp-json\/wp\/v2\/media?parent=126476"}],"wp:term":[{"taxonomy":"category","embeddable":true,"href":"https:\/\/www.europesays.com\/se\/wp-json\/wp\/v2\/categories?post=126476"},{"taxonomy":"post_tag","embeddable":true,"href":"https:\/\/www.europesays.com\/se\/wp-json\/wp\/v2\/tags?post=126476"}],"curies":[{"name":"wp","href":"https:\/\/api.w.org\/{rel}","templated":true}]}}