{"id":126488,"date":"2026-01-05T15:03:18","date_gmt":"2026-01-05T15:03:18","guid":{"rendered":"https:\/\/www.europesays.com\/se\/126488\/"},"modified":"2026-01-05T15:03:18","modified_gmt":"2026-01-05T15:03:18","slug":"admiralbulldog-saljer-sin-ring-fran-ti3-inte-desperation","status":"publish","type":"post","link":"https:\/\/www.europesays.com\/se\/126488\/","title":{"rendered":"AdmiralBulldog s\u00e4ljer sin ring fr\u00e5n TI3: \u201dInte desperation\u201d"},"content":{"rendered":"<p>Publicerad 5 jan 2026 kl 11.46Uppdaterad kl 15.29<\/p>\n<p>Han blev v\u00e4rldsm\u00e4stare i Dota 2.<\/p>\n<p>Nu s\u00e4ljer Henrik \u201dAdmiralBulldog\u201d Ahnberg sin m\u00e4sterskapsring p\u00e5 Ebay.<\/p>\n<p>Den som vill k\u00f6pa den f\u00e5r d\u00e4remot punga ut en j\u00e4ttesumma.<\/p>\n<p><img loading=\"lazy\"   alt=\"\"\/><\/p>\n<p>Annonsen p\u00e5 Ebay.<\/p>\n<p>Foto: Privat<\/p>\n<p>\u00d6ppna bild i helsk\u00e4rm<img loading=\"lazy\"   alt=\"\"\/><\/p>\n<p>The International-ringen.<\/p>\n<p>Foto: Privat<\/p>\n<p>\u00d6ppna bild i helsk\u00e4rm<\/p>\n<p>2013 skrev svenska Alliance historia n\u00e4r laget vann The International, klubbv\u00e4rldsm\u00e4sterskapet i <a href=\"https:\/\/www.expressen.se\/tagg\/organization\/dota-2\/\" class=\"\" rel=\"nofollow noopener\" target=\"_blank\">Dota 2<\/a>.<\/p>\n<p>En av stj\u00e4rnorna i laget, Henrik \u201dAdmiralBulldog\u201d Ahnberg, har nu lagt ut <a href=\"https:\/\/www.ebay.com\/itm\/168054449049\" rel=\"nofollow noopener\" target=\"_blank\">en annons<\/a> p\u00e5 Ebay d\u00e4r han s\u00e4ljer sin m\u00e4sterskapsring.<\/p>\n<p>Budgivningen b\u00f6rjar p\u00e5 70 000 dollar, motsvarande ungef\u00e4r 645 000 kronor.\u00a0<\/p>\n<p>Den som vill k\u00f6pa ringen direkt, utan budgivning, f\u00e5r d\u00e4remot betala \u00f6ver 900 000 kronor.<\/p>\n<p>Sl\u00e5r ifr\u00e5n sig<\/p>\n<p>Efter att annonsen blivit viral s\u00e5 \u00e4r det m\u00e5nga som har spekulerat kring anledningen till att ringen nu s\u00e4ljs.\u00a0<\/p>\n<p>Bland anledningarna som det spekulerats kring finns ekonomiska sk\u00e4l, men till <a href=\"https:\/\/dotesports.com\/dota-2\/news\/admiralbulldog-sells-ti3-championship-ring\" rel=\"nofollow noopener\" target=\"_blank\">Dot Esports<\/a> s\u00e4ger 35-\u00e5ringen att det inte handlar om pengarna.<\/p>\n<p>\u2013 F\u00f6rs\u00e4ljningen har ingen s\u00e4rskild anledning, det kommer inte ur desperation. Jag har teasat att s\u00e4lja den under en l\u00e5ng tid och tog tag i det nu. Jag tror ringen har h\u00f6gre monet\u00e4rt v\u00e4rde \u00e4n sentimentalt v\u00e4rde, s\u00e4ger Ahnberg till sajten.<\/p>\n<p>I skrivande stund har inga bud inkommit, men budgivningen p\u00e5g\u00e5r till l\u00f6rdag.<\/p>\n<p><strong>L\u00c4S MER: <\/strong><a href=\"https:\/\/www.expressen.se\/sport\/e-sport\/kronikorer\/sebastian-parkkila\/de-kastar-bort-allt-for-lite-snabba-pengar\/\" class=\"\" rel=\"nofollow noopener\" target=\"_blank\">De kastar bort allt f\u00f6r lite snabba pengar<\/a><strong>L\u00c4S MER: <\/strong><a href=\"https:\/\/www.expressen.se\/sport\/e-sport\/faker-far-prestigefullt-pris-av-presidenten\/\" class=\"\" rel=\"nofollow noopener\" target=\"_blank\">Faker f\u00e5r prestigefullt pris av presidenten<\/a><\/p>\n<p><strong>F\u00f6lj Expressen E-sport p\u00e5 <\/strong><a href=\"https:\/\/www.youtube.com\/@Expressen-esport\" rel=\"nofollow noopener\" target=\"_blank\"><strong>Youtube<\/strong><\/a><strong> och <\/strong><a href=\"https:\/\/twitter.com\/ESportExpressen\" rel=\"nofollow noopener\" target=\"_blank\"><strong>X<\/strong><\/a><strong>!<\/strong><\/p>\n<p><script async src=\"https:\/\/platform.twitter.com\/widgets.js\" charset=\"utf-8\"><\/script><\/p>\n","protected":false},"excerpt":{"rendered":"Publicerad 5 jan 2026 kl 11.46Uppdaterad kl 15.29 Han blev v\u00e4rldsm\u00e4stare i Dota 2. Nu s\u00e4ljer Henrik \u201dAdmiralBulldog\u201d&hellip;\n","protected":false},"author":2,"featured_media":126489,"comment_status":"","ping_status":"","sticky":false,"template":"","format":"standard","meta":{"footnotes":""},"categories":[65],"tags":[72,70,71,11531,11530,34,755,31,33,32,30],"class_list":{"0":"post-126488","1":"post","2":"type-post","3":"status-publish","4":"format-standard","5":"has-post-thumbnail","7":"category-ekonomi","8":"tag-business","9":"tag-economy","10":"tag-ekonomi","11":"tag-organization-alliance","12":"tag-organization-dota-2","13":"tag-se","14":"tag-sections-esport","15":"tag-svenska","16":"tag-sverige","17":"tag-sweden","18":"tag-swedish"},"share_on_mastodon":{"url":"https:\/\/pubeurope.com\/@se\/115843105076351909","error":""},"_links":{"self":[{"href":"https:\/\/www.europesays.com\/se\/wp-json\/wp\/v2\/posts\/126488","targetHints":{"allow":["GET"]}}],"collection":[{"href":"https:\/\/www.europesays.com\/se\/wp-json\/wp\/v2\/posts"}],"about":[{"href":"https:\/\/www.europesays.com\/se\/wp-json\/wp\/v2\/types\/post"}],"author":[{"embeddable":true,"href":"https:\/\/www.europesays.com\/se\/wp-json\/wp\/v2\/users\/2"}],"replies":[{"embeddable":true,"href":"https:\/\/www.europesays.com\/se\/wp-json\/wp\/v2\/comments?post=126488"}],"version-history":[{"count":0,"href":"https:\/\/www.europesays.com\/se\/wp-json\/wp\/v2\/posts\/126488\/revisions"}],"wp:featuredmedia":[{"embeddable":true,"href":"https:\/\/www.europesays.com\/se\/wp-json\/wp\/v2\/media\/126489"}],"wp:attachment":[{"href":"https:\/\/www.europesays.com\/se\/wp-json\/wp\/v2\/media?parent=126488"}],"wp:term":[{"taxonomy":"category","embeddable":true,"href":"https:\/\/www.europesays.com\/se\/wp-json\/wp\/v2\/categories?post=126488"},{"taxonomy":"post_tag","embeddable":true,"href":"https:\/\/www.europesays.com\/se\/wp-json\/wp\/v2\/tags?post=126488"}],"curies":[{"name":"wp","href":"https:\/\/api.w.org\/{rel}","templated":true}]}}