{"id":126490,"date":"2026-01-05T15:04:06","date_gmt":"2026-01-05T15:04:06","guid":{"rendered":"https:\/\/www.europesays.com\/se\/126490\/"},"modified":"2026-01-05T15:04:06","modified_gmt":"2026-01-05T15:04:06","slug":"tim-walz-staller-inte-upp-for-omval-till-guvernor","status":"publish","type":"post","link":"https:\/\/www.europesays.com\/se\/126490\/","title":{"rendered":"Tim Walz st\u00e4ller inte upp f\u00f6r omval till guvern\u00f6r"},"content":{"rendered":"<p>Minnesotas guvern\u00f6r Tim Walz st\u00e4ller inte upp f\u00f6r omval till en tredje mandatperiod, meddelar han enligt amerikanska medier.<\/p>\n<p>I ett pressmeddelande n\u00e4mner han den uppm\u00e4rksammade bedr\u00e4geriutredningen inom delstatens barnomsorg och anklagar Republikanerna f\u00f6r politiskt spel.<\/p>\n<p>\u201dVarje minut jag tillbringar med att f\u00f6rsvara mina egna politiska intressen \u00e4r en minut jag inte kan tillbringa med att f\u00f6rsvara Minnesotas inv\u00e5nare\u201d, skriver han.<\/p>\n<p>Demokraten Walz, 61, har varit Minnesotas guvern\u00f6r sedan 2019. I valet 2024 var han Kamala Harris vicepresidentkandidat.<\/p>\n<p>Omni \u00e4r politiskt obundna och oberoende. Vi str\u00e4var efter att ge fler perspektiv p\u00e5 nyheterna. Har du fr\u00e5gor eller synpunkter kring v\u00e5r rapportering? <a href=\"https:\/\/omni.se\/tim-walz-staller-inte-upp-for-omval-till-guvernor\/a\/mailto:redaktion@omni.se\" class=\"ArticleActions_contactLink__W2F1M\" rel=\"nofollow noopener\" target=\"_blank\">Kontakta redaktionen<\/a><\/p>\n","protected":false},"excerpt":{"rendered":"Minnesotas guvern\u00f6r Tim Walz st\u00e4ller inte upp f\u00f6r omval till en tredje mandatperiod, meddelar han enligt amerikanska medier.&hellip;\n","protected":false},"author":2,"featured_media":126491,"comment_status":"","ping_status":"","sticky":false,"template":"","format":"standard","meta":{"footnotes":""},"categories":[14],"tags":[387,22,23,1201,26,27,17,21,24,25,28,29,15,268,16,18,34,31,33,32,30,13145,19,20,74,51,52,53,54],"class_list":{"0":"post-126490","1":"post","2":"type-post","3":"status-publish","4":"format-standard","5":"has-post-thumbnail","7":"category-varlden","8":"tag-amerikansk-politik","9":"tag-breaking-news","10":"tag-breakingnews","11":"tag-demokraterna-i-usa","12":"tag-featured-news","13":"tag-featurednews","14":"tag-headlines","15":"tag-huvudnyheter","16":"tag-latest-news","17":"tag-latestnews","18":"tag-main-news","19":"tag-mainnews","20":"tag-news","21":"tag-nordamerika","22":"tag-nyheter","23":"tag-rubriker","24":"tag-se","25":"tag-svenska","26":"tag-sverige","27":"tag-sweden","28":"tag-swedish","29":"tag-tim-walz","30":"tag-top-stories","31":"tag-topstories","32":"tag-usa","33":"tag-varlden","34":"tag-world","35":"tag-world-news","36":"tag-worldnews"},"share_on_mastodon":{"url":"https:\/\/pubeurope.com\/@se\/115843108903176673","error":""},"_links":{"self":[{"href":"https:\/\/www.europesays.com\/se\/wp-json\/wp\/v2\/posts\/126490","targetHints":{"allow":["GET"]}}],"collection":[{"href":"https:\/\/www.europesays.com\/se\/wp-json\/wp\/v2\/posts"}],"about":[{"href":"https:\/\/www.europesays.com\/se\/wp-json\/wp\/v2\/types\/post"}],"author":[{"embeddable":true,"href":"https:\/\/www.europesays.com\/se\/wp-json\/wp\/v2\/users\/2"}],"replies":[{"embeddable":true,"href":"https:\/\/www.europesays.com\/se\/wp-json\/wp\/v2\/comments?post=126490"}],"version-history":[{"count":0,"href":"https:\/\/www.europesays.com\/se\/wp-json\/wp\/v2\/posts\/126490\/revisions"}],"wp:featuredmedia":[{"embeddable":true,"href":"https:\/\/www.europesays.com\/se\/wp-json\/wp\/v2\/media\/126491"}],"wp:attachment":[{"href":"https:\/\/www.europesays.com\/se\/wp-json\/wp\/v2\/media?parent=126490"}],"wp:term":[{"taxonomy":"category","embeddable":true,"href":"https:\/\/www.europesays.com\/se\/wp-json\/wp\/v2\/categories?post=126490"},{"taxonomy":"post_tag","embeddable":true,"href":"https:\/\/www.europesays.com\/se\/wp-json\/wp\/v2\/tags?post=126490"}],"curies":[{"name":"wp","href":"https:\/\/api.w.org\/{rel}","templated":true}]}}