{"id":126503,"date":"2026-01-05T15:17:13","date_gmt":"2026-01-05T15:17:13","guid":{"rendered":"https:\/\/www.europesays.com\/se\/126503\/"},"modified":"2026-01-05T15:17:13","modified_gmt":"2026-01-05T15:17:13","slug":"paret-stromstedts-ursakt-efter-rasistskandalen-kvartal","status":"publish","type":"post","link":"https:\/\/www.europesays.com\/se\/126503\/","title":{"rendered":"Paret Str\u00f6mstedts urs\u00e4kt efter \u201drasistskandalen\u201d \u2013 Kvartal"},"content":{"rendered":"<p class=\"text-[17px] sm:text-[18px] leading-[1.5] font-cambon text-text-default-tertiary\">Under ny\u00e5rshelgen spreds ett klipp d\u00e4r paret Jenny och Niklas Str\u00f6mstedt tillsammans med bland andra Christer Lindarw, Victoria Skoglund och Magnus Skogsberg Tear g\u00f6r s\u00e5 kallade wai-h\u00e4lsningar, bugar och mimar ord med thail\u00e4ndsk brytning. P\u00e5 en lapp syns texten \u201dKlista Lila\u201d \u2013 en f\u00f6rvr\u00e4ngning av namnet Christer Lindarw. Syftet var att v\u00e4lkomna Christer Lindarw till s\u00e4llskapets ny\u00e5rsfirande.<\/p>\n","protected":false},"excerpt":{"rendered":"Under ny\u00e5rshelgen spreds ett klipp d\u00e4r paret Jenny och Niklas Str\u00f6mstedt tillsammans med bland andra Christer Lindarw, Victoria&hellip;\n","protected":false},"author":2,"featured_media":126504,"comment_status":"","ping_status":"","sticky":false,"template":"","format":"standard","meta":{"footnotes":""},"categories":[67],"tags":[104,3764,3778,34,31,33,32,30,105],"class_list":{"0":"post-126503","1":"post","2":"type-post","3":"status-publish","4":"format-standard","5":"has-post-thumbnail","7":"category-underhallning","8":"tag-entertainment","9":"tag-medier","10":"tag-rasism","11":"tag-se","12":"tag-svenska","13":"tag-sverige","14":"tag-sweden","15":"tag-swedish","16":"tag-underhallning"},"share_on_mastodon":{"url":"https:\/\/pubeurope.com\/@se\/115843160110964127","error":""},"_links":{"self":[{"href":"https:\/\/www.europesays.com\/se\/wp-json\/wp\/v2\/posts\/126503","targetHints":{"allow":["GET"]}}],"collection":[{"href":"https:\/\/www.europesays.com\/se\/wp-json\/wp\/v2\/posts"}],"about":[{"href":"https:\/\/www.europesays.com\/se\/wp-json\/wp\/v2\/types\/post"}],"author":[{"embeddable":true,"href":"https:\/\/www.europesays.com\/se\/wp-json\/wp\/v2\/users\/2"}],"replies":[{"embeddable":true,"href":"https:\/\/www.europesays.com\/se\/wp-json\/wp\/v2\/comments?post=126503"}],"version-history":[{"count":0,"href":"https:\/\/www.europesays.com\/se\/wp-json\/wp\/v2\/posts\/126503\/revisions"}],"wp:featuredmedia":[{"embeddable":true,"href":"https:\/\/www.europesays.com\/se\/wp-json\/wp\/v2\/media\/126504"}],"wp:attachment":[{"href":"https:\/\/www.europesays.com\/se\/wp-json\/wp\/v2\/media?parent=126503"}],"wp:term":[{"taxonomy":"category","embeddable":true,"href":"https:\/\/www.europesays.com\/se\/wp-json\/wp\/v2\/categories?post=126503"},{"taxonomy":"post_tag","embeddable":true,"href":"https:\/\/www.europesays.com\/se\/wp-json\/wp\/v2\/tags?post=126503"}],"curies":[{"name":"wp","href":"https:\/\/api.w.org\/{rel}","templated":true}]}}