{"id":126553,"date":"2026-01-05T16:13:12","date_gmt":"2026-01-05T16:13:12","guid":{"rendered":"https:\/\/www.europesays.com\/se\/126553\/"},"modified":"2026-01-05T16:13:12","modified_gmt":"2026-01-05T16:13:12","slug":"tv-toppen-e-type-lockade-storpublik","status":"publish","type":"post","link":"https:\/\/www.europesays.com\/se\/126553\/","title":{"rendered":"Tv-toppen: E-type lockade storpublik"},"content":{"rendered":"<p>share-arrowDela<\/p>\n<p>unsaveSpara<\/p>\n<p>expand-left<\/p>\n<p>helsk\u00e4rm<img decoding=\"async\" class=\"image-asset hyperion-css-u06ts1\" data-test-tag=\"image-asset\" src=\"https:\/\/www.europesays.com\/se\/wp-content\/uploads\/2026\/01\/d9027911-51a2-4d7b-bc01-62a20f8c6560.jpeg\"  alt=\"Stj\u00e4rnorna lyssnar p\u00e5 E-type p\u00e5 slottet: Johan Hedenberg, Lasse Kron\u00e9r, Martin &quot;E-Type&quot; Eriksson, Sarah Sj\u00f6str\u00f6m och Lotta Engberg i l\u00f6rdagens program.\"  loading=\"eager\" fetchpriority=\"high\" style=\"aspect-ratio:1900 \/ 1069\"\/>Stj\u00e4rnorna lyssnar p\u00e5 E-type p\u00e5 slottet: Johan Hedenberg, Lasse Kron\u00e9r, Martin &#8221;E-Type&#8221; Eriksson, Sarah Sj\u00f6str\u00f6m och Lotta Engberg i l\u00f6rdagens program. Foto: SVT<\/p>\n<p class=\"hyperion-css-1shl3oz\" data-test-tag=\"lead-text\">Det var E-types dag i \u201dStj\u00e4rnorna p\u00e5 slottet\u201d \u2013 d\u00e5 kom publiken. SVT-programmet lockade 1,1 miljoner tittare n\u00e4r artisten ber\u00e4ttade om sitt liv och sin karri\u00e4r. Det r\u00e4ckte till en andraplats p\u00e5 tv-toppen.<\/p>\n<p class=\"hyperion-css-1v9qo5x\">F\u00f6rra veckans mest sedda program:<\/p>\n<p class=\"hyperion-css-1v9qo5x\">1. P\u00e5 sp\u00e5ret (SVT1, fredag) 1\u00a0826\u00a0000.<\/p>\n<p class=\"hyperion-css-1v9qo5x\">2. Stj\u00e4rnorna p\u00e5 slottet (SVT1, l\u00f6rdag) 1\u00a0136\u00a0000.<\/p>\n<p class=\"hyperion-css-1v9qo5x\">3. TV4:s ny\u00e5rskarameller (TV4, ny\u00e5rsdagen) 879\u00a0000.<\/p>\n<p class=\"hyperion-css-1v9qo5x\">4. Tolvslaget p\u00e5 Skansen (SVT1, ny\u00e5rsafton) 870\u00a0000.<\/p>\n<p class=\"hyperion-css-1v9qo5x\">5. Ishockey, herrar, junior-VM, kvartsfinal: Sverige\u2013Lettland (SVT1, fredag) 844\u00a0000.<\/p>\n<p class=\"hyperion-css-1v9qo5x\">6. Grevinnan och betj\u00e4nten (SVT1, ny\u00e5rsafton) 807\u00a0000.<\/p>\n<p class=\"hyperion-css-1v9qo5x\">7. Ishockey, herrar, junior-VM, semifinal: Sverige\u2013Finland (SVT1, s\u00f6ndag) 688\u00a0000.<\/p>\n<p class=\"hyperion-css-1v9qo5x\">8. Bingolotto (TV4, ny\u00e5rsafton) 684\u00a0000.<\/p>\n<p class=\"hyperion-css-1v9qo5x\">9. Doobidoo ny\u00e5rsspecial (SVT1, ny\u00e5rsafton) 649\u00a0000.<\/p>\n<p class=\"hyperion-css-1v9qo5x\">10. Tour de ski (Viasat Sport, s\u00f6ndag) 644\u00a0000.<\/p>\n<p class=\"hyperion-css-1v9qo5x\">M\u00e4tperiod 29\/12 2025\u20134\/1 2026. Inga nyhetsprogram, \u201dSportnytt\u201d eller program under tio minuter tas med p\u00e5 listan.<\/p>\n","protected":false},"excerpt":{"rendered":"share-arrowDela unsaveSpara expand-left helsk\u00e4rmStj\u00e4rnorna lyssnar p\u00e5 E-type p\u00e5 slottet: Johan Hedenberg, Lasse Kron\u00e9r, Martin &#8221;E-Type&#8221; Eriksson, Sarah Sj\u00f6str\u00f6m&hellip;\n","protected":false},"author":2,"featured_media":126554,"comment_status":"","ping_status":"","sticky":false,"template":"","format":"standard","meta":{"footnotes":""},"categories":[67],"tags":[104,34,31,33,32,30,105],"class_list":{"0":"post-126553","1":"post","2":"type-post","3":"status-publish","4":"format-standard","5":"has-post-thumbnail","7":"category-underhallning","8":"tag-entertainment","9":"tag-se","10":"tag-svenska","11":"tag-sverige","12":"tag-sweden","13":"tag-swedish","14":"tag-underhallning"},"share_on_mastodon":{"url":"https:\/\/pubeurope.com\/@se\/115843380221984518","error":""},"_links":{"self":[{"href":"https:\/\/www.europesays.com\/se\/wp-json\/wp\/v2\/posts\/126553","targetHints":{"allow":["GET"]}}],"collection":[{"href":"https:\/\/www.europesays.com\/se\/wp-json\/wp\/v2\/posts"}],"about":[{"href":"https:\/\/www.europesays.com\/se\/wp-json\/wp\/v2\/types\/post"}],"author":[{"embeddable":true,"href":"https:\/\/www.europesays.com\/se\/wp-json\/wp\/v2\/users\/2"}],"replies":[{"embeddable":true,"href":"https:\/\/www.europesays.com\/se\/wp-json\/wp\/v2\/comments?post=126553"}],"version-history":[{"count":0,"href":"https:\/\/www.europesays.com\/se\/wp-json\/wp\/v2\/posts\/126553\/revisions"}],"wp:featuredmedia":[{"embeddable":true,"href":"https:\/\/www.europesays.com\/se\/wp-json\/wp\/v2\/media\/126554"}],"wp:attachment":[{"href":"https:\/\/www.europesays.com\/se\/wp-json\/wp\/v2\/media?parent=126553"}],"wp:term":[{"taxonomy":"category","embeddable":true,"href":"https:\/\/www.europesays.com\/se\/wp-json\/wp\/v2\/categories?post=126553"},{"taxonomy":"post_tag","embeddable":true,"href":"https:\/\/www.europesays.com\/se\/wp-json\/wp\/v2\/tags?post=126553"}],"curies":[{"name":"wp","href":"https:\/\/api.w.org\/{rel}","templated":true}]}}