{"id":126562,"date":"2026-01-05T16:23:09","date_gmt":"2026-01-05T16:23:09","guid":{"rendered":"https:\/\/www.europesays.com\/se\/126562\/"},"modified":"2026-01-05T16:23:09","modified_gmt":"2026-01-05T16:23:09","slug":"soundcore-presenterar-oppna-earbuds-som-ocksa-kan-fungera-som-orontatande-anc-earbuds","status":"publish","type":"post","link":"https:\/\/www.europesays.com\/se\/126562\/","title":{"rendered":"Soundcore presenterar \u00f6ppna earbuds som ocks\u00e5 kan fungera som \u00f6ront\u00e4tande ANC-earbuds"},"content":{"rendered":"<ul id=\"f146e23f-ff26-45e7-8a91-b0dacd61ef57\">\n<li><strong>Soundcore AeroFit 2 Pro-earbuds lanseras f\u00f6r 179,99 dollar, till en b\u00f6rjan bara i USA<\/strong><\/li>\n<li><strong>Justerbara \u00f6ronkrokar f\u00f6rvandlar \u00f6ppna earbuds till in-ear-modeller med brusreducering<\/strong><\/li>\n<li><strong>Sensorer kalibrerar om EQ i realtid<\/strong><\/li>\n<\/ul>\n<p id=\"16f6c5d2-c5b0-434a-9b68-df7716f5ab83\">Att v\u00e4lja earbuds f\u00f6r ett specifikt anv\u00e4ndningsomr\u00e5de inneb\u00e4r ofta kompromisser: de <a data-analytics-id=\"inline-link\" href=\"https:\/\/global.techradar.com\/sv-se\/audio\/earbuds-airpods\/basta-oppna-in-ear-horlurar-year-testade-av-techradars-ljudexperter\" target=\"_blank\" data-url=\"https:\/\/global.techradar.com\/sv-se\/audio\/earbuds-airpods\/basta-oppna-in-ear-horlurar-year-testade-av-techradars-ljudexperter\" data-hl-processed=\"none\" data-mrf-recirculation=\"inline-link\" data-before-rewrite-localise=\"https:\/\/global.techradar.com\/sv-se\/audio\/earbuds-airpods\/basta-oppna-in-ear-horlurar-year-testade-av-techradars-ljudexperter\" rel=\"nofollow noopener\">b\u00e4sta \u00f6ppna earbuds<\/a> kan inte erbjuda helt effektiv brusreducering eftersom de inte sitter i h\u00f6rselg\u00e5ngen, och transparensl\u00e4get i de <a data-analytics-id=\"inline-link\" href=\"https:\/\/global.techradar.com\/sv-se\/audio\/earbuds-airpods\/basta-brusreducerande-earbuds\" target=\"_blank\" data-url=\"https:\/\/global.techradar.com\/sv-se\/audio\/earbuds-airpods\/basta-brusreducerande-earbuds\" data-hl-processed=\"none\" data-mrf-recirculation=\"inline-link\" data-before-rewrite-localise=\"https:\/\/global.techradar.com\/sv-se\/audio\/earbuds-airpods\/basta-brusreducerande-earbuds\" rel=\"nofollow noopener\">b\u00e4sta brusreducerande earbuds<\/a> k\u00e4nns inte lika naturligt som det omgivningsljud du upplever med \u00f6ppna earbuds.<\/p>\n<p>Vissa tycker ocks\u00e5 att det \u00e4r lite obekv\u00e4mt att ha earbuds i \u00f6ronen under l\u00e4ngre perioder. Men ett nytt par earbuds fr\u00e5n Soundcore, Ankers ljud- och bildvarum\u00e4rke, kan erbjuda en l\u00f6sning utan kompromisser.<\/p>\n<p>Soundcore AeroFit 2 Pro \u00e4r \u00f6ppna earbuds, men de har en \u00f6ronkrok med justerbar vinkel i fem steg som g\u00f6r att du kan flytta ljudmunstycket och placera det n\u00e4rmare ing\u00e5ngen till \u00f6rat. Det ger passiv brusreducering tack vare den tajtare passformen och inneb\u00e4r att earbuds sedan kan anv\u00e4nda aktiv brusreducering mer effektivt f\u00f6r att ta bort o\u00f6nskat omgivningsljud.<\/p>\n<p>Du kanske gillar<\/p>\n<p class=\"vanilla-image-block\" style=\"padding-top:56.25%;\">\n<p><img decoding=\"async\" src=\"https:\/\/www.europesays.com\/se\/wp-content\/uploads\/2026\/01\/jsqeRxVrd4SUmhC3ajS6g5.png\" alt=\"En ung man p&amp;aring; en tunnelbanestation med Soundcore AeroFit 2 Pro-h&amp;ouml;rlurarna.\"   loading=\"lazy\" data-new-v2-image=\"true\" data-original-mos=\"https:\/\/www.europesays.com\/se\/wp-content\/uploads\/2026\/01\/jsqeRxVrd4SUmhC3ajS6g5.png\" data-pin-media=\"https:\/\/www.europesays.com\/se\/wp-content\/uploads\/2026\/01\/jsqeRxVrd4SUmhC3ajS6g5.png\" class=\"inline\"\/>\n<\/p>\n<p>(Image credit: Soundcore)<a id=\"elk-acd0b5d3-2f21-45d8-b5c7-1902cca12dcd\" class=\"paywall\" aria-hidden=\"true\" data-url=\"\" href=\"\" target=\"_blank\" referrerpolicy=\"no-referrer-when-downgrade\" data-hl-processed=\"none\"\/>Soundcore AeroFit Pro 2: viktiga funktioner<a id=\"elk-seasonal\" class=\"paywall\" aria-hidden=\"true\" data-url=\"\" href=\"\" target=\"_blank\" referrerpolicy=\"no-referrer-when-downgrade\" data-hl-processed=\"none\"\/><\/p>\n<p id=\"465588b3-e7c6-4a91-806e-e1ca852527cb-0\">N\u00e4r man justerar positionen p\u00e5 earbudsen registrerar dubbla sensorer i varje earbud f\u00f6r\u00e4ndringen och kalibrerar om EQ f\u00f6r att passa det l\u00e4ge som anv\u00e4nds, vilket enligt <a data-analytics-id=\"inline-link\" href=\"https:\/\/global.techradar.com\/sv-se\/tag\/anker\" data-auto-tag-linker=\"true\" data-url=\"https:\/\/global.techradar.com\/sv-se\/tag\/anker\" data-hl-processed=\"none\" data-mrf-recirculation=\"inline-link\" data-before-rewrite-localise=\"https:\/\/global.techradar.com\/sv-se\/tag\/anker\" rel=\"nofollow noopener\" target=\"_blank\">Anker<\/a> ger en konsekvent ljudupplevelse. De passar dessutom bra f\u00f6r gym och utomhusbruk tack vare IP55-klassad t\u00e5lighet mot vatten och svett.<\/p>\n<p>Anker beskriver in-ear-l\u00e4get som \u201dsemi-in-ear\u201d, en grund \u00f6ppen design som sitter n\u00e4ra \u00f6rat utan att tryckas djupt in i h\u00f6rselg\u00e5ngen. Earbuds har version 3.0 av Soundcores adaptiva ANC som samplar upp till 380 000 g\u00e5nger per sekund och g\u00f6r upp till 180 dynamiska justeringar per minut i takt med att ljudmilj\u00f6n f\u00f6r\u00e4ndras.<\/p>\n<p>Totalt finns sex mikrofoner som \u00e4r utformade f\u00f6r att f\u00e5nga upp ljud fr\u00e5n flera riktningar samt fyra r\u00f6stmikrofoner f\u00f6r att h\u00e5lla r\u00f6sten tydlig vid samtal.<\/p>\n<p>Dessa earbuds b\u00f6r ocks\u00e5 l\u00e5ta riktigt bra med rej\u00e4l bas: de har specialutvecklade element p\u00e5 11,8 mm, st\u00f6d f\u00f6r rumsligt ljud med huvudsp\u00e5rning samt h\u00f6guppl\u00f6st ljud via LDAC.<\/p>\n<p class=\"newsletter-form__strapline\">Registrera dig f\u00f6r senaste nyheter, recensioner, \u00e5sikter, toppteknologiska erbjudanden och mer.<\/p>\n<p>Det finns flera f\u00e4rgalternativ, matt svart, blank vit, matt lila och blank bl\u00e5, men endast den svarta modellen kommer att finnas tillg\u00e4nglig vid USA-lanseringen den 6 januari. De vita och lila varianterna sl\u00e4pps senare under m\u00e5naden och den bl\u00e5 modellen kort d\u00e4refter.<\/p>\n<p>Samtliga fyra modeller har ett amerikanskt listpris p\u00e5 179,99 dollar. Internationella priser och tillg\u00e4nglighet kommer att tillk\u00e4nnages senare.<\/p>\n<p id=\"51cdbb7a-4581-44e4-b78b-cc7b10456fb9\">TechRadar bevakar CES 2026 p\u00e5 plats och rapporterar om alla stora nyheter n\u00e4r de h\u00e4nder. Kolla in v\u00e5r <a data-analytics-id=\"inline-link\" href=\"https:\/\/www.techradar.com\/tag\/ces\" target=\"_blank\" data-mrf-recirculation=\"inline-link\" rel=\"nofollow noopener\">CES 2026-sida<\/a> f\u00f6r de senaste artiklarna och v\u00e5ra f\u00f6rsta intryck av allt fr\u00e5n tr\u00e5dl\u00f6sa TV-apparater och vikbara sk\u00e4rmar till nya telefoner, datorer, smarthem-prylar och det senaste inom AI.<\/p>\n<p>Gl\u00f6m inte att f\u00f6lja oss p\u00e5 <a data-analytics-id=\"inline-link\" href=\"https:\/\/www.tiktok.com\/@techradar\" target=\"_blank\" data-url=\"https:\/\/www.tiktok.com\/@techradar\" referrerpolicy=\"no-referrer-when-downgrade\" data-hl-processed=\"none\" data-mrf-recirculation=\"inline-link\" rel=\"nofollow noopener\">TikTok<\/a> och <a data-analytics-id=\"inline-link\" href=\"https:\/\/www.whatsapp.com\/channel\/0029Va6HybZ9RZAY7pIUK12h\" target=\"_blank\" data-url=\"https:\/\/www.whatsapp.com\/channel\/0029Va6HybZ9RZAY7pIUK12h\" referrerpolicy=\"no-referrer-when-downgrade\" data-hl-processed=\"none\" data-mrf-recirculation=\"inline-link\" rel=\"nofollow noopener\">WhatsApp<\/a> f\u00f6r l\u00f6pande uppdateringar direkt fr\u00e5n m\u00e4ssgolvet.<\/p>\n<p><script async src=\"\/\/www.tiktok.com\/embed.js\"><\/script><\/p>\n","protected":false},"excerpt":{"rendered":"Soundcore AeroFit 2 Pro-earbuds lanseras f\u00f6r 179,99 dollar, till en b\u00f6rjan bara i USA Justerbara \u00f6ronkrokar f\u00f6rvandlar \u00f6ppna&hellip;\n","protected":false},"author":2,"featured_media":126563,"comment_status":"","ping_status":"","sticky":false,"template":"","format":"standard","meta":{"footnotes":""},"categories":[66],"tags":[80,78,79,34,31,33,32,30,81,84,83,82],"class_list":{"0":"post-126562","1":"post","2":"type-post","3":"status-publish","4":"format-standard","5":"has-post-thumbnail","7":"category-vetenskap-och-teknik","8":"tag-science","9":"tag-science-and-technology","10":"tag-scienceandtechnology","11":"tag-se","12":"tag-svenska","13":"tag-sverige","14":"tag-sweden","15":"tag-swedish","16":"tag-technology","17":"tag-teknik","18":"tag-vetenskap","19":"tag-vetenskapteknik"},"share_on_mastodon":{"url":"https:\/\/pubeurope.com\/@se\/115843419645691890","error":""},"_links":{"self":[{"href":"https:\/\/www.europesays.com\/se\/wp-json\/wp\/v2\/posts\/126562","targetHints":{"allow":["GET"]}}],"collection":[{"href":"https:\/\/www.europesays.com\/se\/wp-json\/wp\/v2\/posts"}],"about":[{"href":"https:\/\/www.europesays.com\/se\/wp-json\/wp\/v2\/types\/post"}],"author":[{"embeddable":true,"href":"https:\/\/www.europesays.com\/se\/wp-json\/wp\/v2\/users\/2"}],"replies":[{"embeddable":true,"href":"https:\/\/www.europesays.com\/se\/wp-json\/wp\/v2\/comments?post=126562"}],"version-history":[{"count":0,"href":"https:\/\/www.europesays.com\/se\/wp-json\/wp\/v2\/posts\/126562\/revisions"}],"wp:featuredmedia":[{"embeddable":true,"href":"https:\/\/www.europesays.com\/se\/wp-json\/wp\/v2\/media\/126563"}],"wp:attachment":[{"href":"https:\/\/www.europesays.com\/se\/wp-json\/wp\/v2\/media?parent=126562"}],"wp:term":[{"taxonomy":"category","embeddable":true,"href":"https:\/\/www.europesays.com\/se\/wp-json\/wp\/v2\/categories?post=126562"},{"taxonomy":"post_tag","embeddable":true,"href":"https:\/\/www.europesays.com\/se\/wp-json\/wp\/v2\/tags?post=126562"}],"curies":[{"name":"wp","href":"https:\/\/api.w.org\/{rel}","templated":true}]}}