{"id":126568,"date":"2026-01-05T16:27:08","date_gmt":"2026-01-05T16:27:08","guid":{"rendered":"https:\/\/www.europesays.com\/se\/126568\/"},"modified":"2026-01-05T16:27:08","modified_gmt":"2026-01-05T16:27:08","slug":"trumps-harda-ord-mot-presidenten-vacker-debatt-men-ingen-panik-i-colombia-utrikes","status":"publish","type":"post","link":"https:\/\/www.europesays.com\/se\/126568\/","title":{"rendered":"Trumps h\u00e5rda ord mot presidenten v\u00e4cker debatt men ingen panik i Colombia | Utrikes"},"content":{"rendered":"<ul class=\"aw-1jjocuh iJTSwP yle__article__list yle__article__list--ul\">\n<li class=\"aw-1j7gwms gNYKfi\">USA:s president Donald Trump har verbalt attackerat Colombias president Gustavo Petro och anklagat honom f\u00f6r droghandel.<\/li>\n<li class=\"aw-1j7gwms gNYKfi\">De tv\u00e5 presidenterna har en historia av verbala angrepp p\u00e5 varandra.<\/li>\n<li class=\"aw-1j7gwms gNYKfi\">Trumps uttalanden ses som ett f\u00f6rs\u00f6k att p\u00e5verka det kommande valet i Colombia och st\u00f6dja landets h\u00f6gerpartier.<\/li>\n<li class=\"aw-1j7gwms gNYKfi\">I Colombia har uttalandena inte v\u00e4ckt panik, utan de ses som en del av den redan p\u00e5g\u00e5ende heta valdebatten.<\/li>\n<\/ul>\n<p class=\"aw-1gybjub aw-1p7kakr kEtdKx cEmitX yle__article__paragraph\">Efter r\u00e4den mot Venezuela v\u00e4ckte USA:s president <strong class=\"aw-ak79eh KyCXm yle__article__strong\">Donald Trumps<\/strong> uttalanden mot Colombias president <strong class=\"aw-ak79eh KyCXm yle__article__strong\">Gustavo Petro<\/strong> starka reaktioner i omv\u00e4rlden.<\/p>\n<p class=\"aw-1gybjub aw-1p7kakr kEtdKx cEmitX yle__article__paragraph\">\u2013 Colombia \u00e4r mycket sjukt, och leds av en sjuk man som gillar att tillverka kokain och att s\u00e4lja det till USA. Men han kommer inte att g\u00f6ra det l\u00e4nge till, sa Trump.<\/p>\n<p class=\"aw-1gybjub aw-1p7kakr kEtdKx cEmitX yle__article__paragraph\">Trump tillade att ett liknande milit\u00e4rt angrepp som det mot Venezuela men riktat mot Petro \u201dl\u00e5ter bra i mina \u00f6ron\u201d.<\/p>\n<p class=\"aw-1gybjub aw-1p7kakr kEtdKx cEmitX yle__article__paragraph\">De tv\u00e5 m\u00e4nnen har redan i ett \u00e5r utbytt fr\u00e4na verbala attacker p\u00e5 sociala medier, s\u00e4ger Finlands ambassad\u00f6r i Colombia <strong class=\"aw-ak79eh KyCXm yle__article__strong\">Eija Rotinen<\/strong> till Svenska Yle.<\/p>\n<p><img decoding=\"async\" alt=\"En kvinna i vit kavaj och spr\u00e4cklig gr\u00e5 skjorta framf\u00f6r en bl\u00e5 bakgrund.\" src=\"https:\/\/www.europesays.com\/se\/wp-content\/uploads\/2026\/01\/39-1577338695bd6f74710b.jpeg\" loading=\"lazy\" class=\"aw-1l9m598 hKVVvP\"\/><\/p>\n<p>\u00d6ppna bildvisare<\/p>\n<p>Eija Rotinen tilltr\u00e4dde som ambassad\u00f6r i Bogot\u00e1 i september i fjol. Bild: Ulkoministeri\u00f6<\/p>\n<p class=\"aw-1gybjub aw-1p7kakr kEtdKx cEmitX yle__article__paragraph\">N\u00e5gon st\u00f6rre panik eller r\u00e4dsla om ett milit\u00e4rt hot har Trumps uttalande inte utl\u00f6st, men det har blivit en del av den redan heta och tudelade politiska debatten i landet.<\/p>\n<p class=\"aw-1gybjub aw-1p7kakr kEtdKx cEmitX yle__article__paragraph\">\u2013 Det \u00e4r val\u00e5r i Colombia. Mycket av det h\u00e4r kan f\u00f6rklaras med det, s\u00e4ger Rotinen.<\/p>\n<p>Moderat reaktion<\/p>\n<p class=\"aw-1gybjub aw-1p7kakr kEtdKx cEmitX yle__article__paragraph\">Med tanke p\u00e5 historien mellan Trump och Petro och niv\u00e5n p\u00e5 retoriken i deras onlinegr\u00e4l, beskriver Rotinen Colombias reaktion p\u00e5 r\u00e4den i Venezuela som moderat.<\/p>\n<p class=\"aw-1gybjub aw-1p7kakr kEtdKx cEmitX yle__article__paragraph\">\u2013 Sett till de officiella reaktionerna, presidentens, regeringens, utrikesministeriets, var det mycket moderata reaktioner. Visst f\u00f6rd\u00f6mde man angreppet och att <strong class=\"aw-ak79eh KyCXm yle__article__strong\">Maduro<\/strong> f\u00f6rdes bort med v\u00e5ld, men inte v\u00e4rst i grova eller h\u00e5rda ordalag eller ens speciellt kraftfullt, s\u00e4ger Rotinen.<\/p>\n<p class=\"aw-1gybjub aw-1p7kakr kEtdKx cEmitX yle__article__paragraph\">\u2013 Man efterlyste dialog och erbj\u00f6d sig att medla mellan USA och Venezuela.<\/p>\n<p class=\"aw-1gybjub aw-1p7kakr kEtdKx cEmitX yle__article__paragraph\">Varf\u00f6r gick d\u00e5 Trump till s\u00e5 h\u00e5rt angrepp mot Colombia och Petro?<\/p>\n<p><img decoding=\"async\" alt=\"Colombias president Gustavo Petro viftade med den colombianska flaggan under sitt 1 maj-tal p\u00e5 onsdagen. \" src=\"https:\/\/www.europesays.com\/se\/wp-content\/uploads\/2026\/01\/39-12791776632f0d97bd50.jpeg\" loading=\"lazy\" class=\"aw-1l9m598 hKVVvP\"\/><\/p>\n<p>\u00d6ppna bildvisare<\/p>\n<p>Gustavo Petro har lovat f\u00f6rsvara landet, men retoriken g\u00e5r het inf\u00f6r valet i \u00e5r, p\u00e5minner Rotinen. Bild: EPA-EFE\/Mauricio Duenas Castaneda<\/p>\n<p class=\"aw-1gybjub aw-1p7kakr kEtdKx cEmitX yle__article__paragraph\">Rotinen s\u00e4ger att det inte finns n\u00e5gra som helst indikationer p\u00e5 att Trumps anklagelser skulle grunda sig p\u00e5 sanning. Petro \u00e4r inte inblandad i droghandel eller andra olagligheter och \u00e4r en demokratiskt vald president.<\/p>\n<p class=\"aw-1gybjub aw-1p7kakr kEtdKx cEmitX yle__article__paragraph\">Colombia och Venezuela \u00e4r totalt olika, och sina stora problem med brottslighet och konflikter till trots \u00e4r Colombia f\u00f6r det mesta ett v\u00e4lm\u00e5ende, utvecklat och demokratiskt land.<\/p>\n<p class=\"aw-1gybjub aw-1p7kakr kEtdKx cEmitX yle__article__paragraph\">Flera experter ser det som en f\u00f6rl\u00e4ngning av Trumps f\u00f6rs\u00f6k att blanda sig i val i Latinamerika.<\/p>\n<p class=\"aw-1gybjub aw-1p7kakr kEtdKx cEmitX yle__article__paragraph\">Han har inf\u00f6r flera val kommit med <a class=\"aw-iao6s4 iHOxEa yle__article__link\" href=\"https:\/\/yle.fi\/a\/7-10086864\" role=\"link\" rel=\"nofollow noopener\" target=\"_blank\">l\u00f6ften och hot<\/a> f\u00f6r att st\u00f6dja h\u00f6gerkandidater, och anses ha haft en <a class=\"aw-iao6s4 iHOxEa yle__article__link\" href=\"https:\/\/yle.fi\/a\/7-10089026\" role=\"link\" rel=\"nofollow noopener\" target=\"_blank\">avg\u00f6rande roll<\/a> i val som avgjordes med mycket liten marginal.<\/p>\n<p>\u201dViskar i Trumps \u00f6ra\u201d<\/p>\n<p class=\"aw-1gybjub aw-1p7kakr kEtdKx cEmitX yle__article__paragraph\">Rotinen s\u00e4ger att flera colombianska h\u00f6gerpartier, till skillnad fr\u00e5n Petro och landets \u00f6vriga v\u00e4nsterpartier, har mycket goda relationer till Washington.<\/p>\n<p class=\"aw-1gybjub aw-1p7kakr kEtdKx cEmitX yle__article__paragraph\">\u2013 Det s\u00e4gs h\u00e4r att framf\u00f6rallt ytterh\u00f6gern har varit i Washington och viskat om att vi har en rutten regering, som f\u00f6r droghandel och vad som helst, och att den borde ni nog f\u00e4lla, s\u00e4ger Rotinen.<\/p>\n<p class=\"aw-1gybjub aw-1p7kakr kEtdKx cEmitX yle__article__paragraph\">Hur mycket av det som st\u00e4mmer \u00e4r oklart, men att den colombianska h\u00f6gern f\u00e5r geh\u00f6r framf\u00f6r v\u00e4nstern i Washington, speciellt under Trump, ser hon som ett faktum.<\/p>\n<p class=\"aw-1gybjub aw-1p7kakr kEtdKx cEmitX yle__article__paragraph\">\u2013 De kontakterna utnyttjas, och h\u00e4r ska allt ses som om det \u00e4r kopplat till valet senare i \u00e5r, s\u00e4ger Rotinen.<\/p>\n<p class=\"aw-1gybjub aw-1p7kakr kEtdKx cEmitX yle__article__paragraph\">Val\u00e5ret och tudelningen syns tydligt i hur partierna diskuterar skeendena i grannlandet, s\u00e4ger Rotinen.<\/p>\n<p class=\"aw-1gybjub aw-1p7kakr kEtdKx cEmitX yle__article__paragraph\">V\u00e4nstern f\u00f6rd\u00f6mer USA:s brott mot folkr\u00e4tten och kallar den imperialism, utan att n\u00e4mna Maduro-regimens brott. H\u00f6gern lyfter fram brotten, men s\u00e4ger inget om att grannlandets suver\u00e4nitet har kr\u00e4nkts.<\/p>\n<p class=\"aw-1gybjub aw-1p7kakr kEtdKx cEmitX yle__article__paragraph\">Ingen verkar se en milit\u00e4r inblandning som sannolik.<\/p>\n<p class=\"aw-1gybjub aw-1p7kakr kEtdKx cEmitX yle__article__paragraph\">\u2013 Det \u00e4r ju s\u00e5 klart m\u00e5nga m\u00e5nader till valet, men h\u00e4r vill man nog tro p\u00e5 att USA skulle orka v\u00e4nta p\u00e5 en ny regering d\u00e4r Petro inte ing\u00e5r. Han kan inte st\u00e4lla upp igen. S\u00e5 oberoende om n\u00e4sta regering styrs av v\u00e4nstern eller h\u00f6gern kommer n\u00e4sta regering inte att ha hans relation till USA som barlast, s\u00e4ger Rotinen.<\/p>\n<p>F\u00f6rberedde sig p\u00e5 flyktingv\u00e5g<\/p>\n<p class=\"aw-1gybjub aw-1p7kakr kEtdKx cEmitX yle__article__paragraph\">Rotinen s\u00e4ger att Colombias fr\u00e4msta reaktion vad g\u00e4ller h\u00e4ndelserna i grannlandet var att f\u00f6rbereda sig p\u00e5 att ta emot fler flyktingar fr\u00e5n Venezuela.<\/p>\n<p class=\"aw-1gybjub aw-1p7kakr kEtdKx cEmitX yle__article__paragraph\">Det finns redan \u00e5tminstone 3 miljoner venezuelaner i landet, p\u00e5 grund av det politiska och ekonomiska l\u00e4get i hemlandet.<\/p>\n<p><img decoding=\"async\" alt=\"Tungt bev\u00e4pnde soldaer st\u00e5r p\u00e5 en gata  nedanf\u00f6r en bro.\" src=\"https:\/\/www.europesays.com\/se\/wp-content\/uploads\/2026\/01\/39-1576856695932ef555b5.jpeg\" loading=\"lazy\" class=\"aw-1l9m598 hKVVvP\"\/><\/p>\n<p>\u00d6ppna bildvisare<\/p>\n<p>Colombianska soldater \u00f6vervakar en gr\u00e4ns\u00f6verg\u00e5ng vid gr\u00e4nsen mot Venezuela. Bild: SCHNEYDER MENDOZA \/ Lehtikuva<\/p>\n<p class=\"aw-1gybjub aw-1p7kakr kEtdKx cEmitX yle__article__paragraph\">Colombias regering skickade b\u00e5de f\u00f6rn\u00f6denheter och 30\u00a0000 soldater till gr\u00e4nsomr\u00e5det, f\u00f6r att kunna ta emot \u00e4nnu fler m\u00e4nniskor om l\u00e4get i Venezuela skulle urarta.<\/p>\n<p class=\"aw-1gybjub aw-1p7kakr kEtdKx cEmitX yle__article__paragraph\">Men n\u00e5gon flyktingv\u00e5g, eller n\u00e5gon \u00e5terflyttningsv\u00e5g, har \u00e4n s\u00e5 l\u00e4nge inte synts till.<\/p>\n<p class=\"aw-1gybjub aw-1p7kakr kEtdKx cEmitX yle__article__paragraph\">Efter en f\u00f6rsta euforisk reaktion verkar nu ocks\u00e5 de venezuelanska flyktingarna mer f\u00f6rsiktigt inst\u00e4llda, tolkar Rotinen.<\/p>\n<p class=\"aw-1gybjub aw-1p7kakr kEtdKx cEmitX yle__article__paragraph\">Rotinen s\u00e4ger att en del flyktingar uttrycker hopp om att kanske kunna \u00e5ka hem snart, men samtidigt verkar ingen riktigt \u00e4nnu v\u00e5ga ta steget.<\/p>\n<p class=\"aw-1gybjub aw-1p7kakr kEtdKx cEmitX yle__article__paragraph\">\u2013 Jag skulle s\u00e4ga att deras reaktion \u00e4r en blandning av b\u00e5de hopp och r\u00e4dsla. S\u00e5 klart hoppas man p\u00e5 b\u00e4ttring, d\u00e5 l\u00e4get med Maduro stadigt vid makten var s\u00e5 hoppl\u00f6st.<\/p>\n<p class=\"aw-1gybjub aw-1p7kakr kEtdKx cEmitX yle__article__paragraph\">\u2013 Men nu h\u00f6rs ocks\u00e5 fler r\u00f6ster som s\u00e4ger att regimens ideologi, chauvinismen, fortfarande \u00e4r kvar, hela resten av regeringen sitter kvar, vicepresidenten sitter kvar och hela apparaten f\u00f6r kontroll och f\u00f6rtryck \u00e4r kvar, s\u00e4ger Rotinen.<\/p>\n<p class=\"aw-1gybjub aw-1p7kakr kEtdKx cEmitX yle__article__paragraph\">Trumps uttalanden om att fredsprisvinnaren och oppositionsledaren <strong class=\"aw-ak79eh KyCXm yle__article__strong\">Mar\u00eda Corina Machado<\/strong> inte \u00e4r f\u00f6rm\u00f6gen att styra landet har ocks\u00e5 v\u00e4ckt starka reaktioner.<\/p>\n<p class=\"aw-1gybjub aw-1p7kakr kEtdKx cEmitX yle__article__paragraph\">\u2013 Flyktingarna fr\u00e5gar sig, varf\u00f6r inte?<\/p>\n<p class=\"aw-1gybjub aw-1p7kakr kEtdKx cEmitX yle__article__paragraph\">\u2013 Man har nog ocks\u00e5 reagerat kraftigt p\u00e5 att Trump har talat s\u00e5 lite om demokrati, att det ordet har saknats n\u00e4stan helt, s\u00e4ger Rotinen.<\/p>\n","protected":false},"excerpt":{"rendered":"USA:s president Donald Trump har verbalt attackerat Colombias president Gustavo Petro och anklagat honom f\u00f6r droghandel. De tv\u00e5&hellip;\n","protected":false},"author":2,"featured_media":126569,"comment_status":"","ping_status":"","sticky":false,"template":"","format":"standard","meta":{"footnotes":""},"categories":[5],"tags":[22,23,5563,385,26,27,5909,17,21,1742,3517,24,25,28,29,15,2546,16,369,18,34,31,33,32,30,5504,19,20,74,3818,237,1636,6476,2545],"class_list":{"0":"post-126568","1":"post","2":"type-post","3":"status-publish","4":"format-standard","5":"has-post-thumbnail","7":"category-rubriker","8":"tag-breaking-news","9":"tag-breakingnews","10":"tag-colombia","11":"tag-donald-trump","12":"tag-featured-news","13":"tag-featurednews","14":"tag-gustavo-petro","15":"tag-headlines","16":"tag-huvudnyheter","17":"tag-internationell-politik","18":"tag-konflikter","19":"tag-latest-news","20":"tag-latestnews","21":"tag-main-news","22":"tag-mainnews","23":"tag-news","24":"tag-nicolas-maduro","25":"tag-nyheter","26":"tag-politik","27":"tag-rubriker","28":"tag-se","29":"tag-svenska","30":"tag-sverige","31":"tag-sweden","32":"tag-swedish","33":"tag-sydamerika","34":"tag-top-stories","35":"tag-topstories","36":"tag-usa","37":"tag-usas-president","38":"tag-utrikes","39":"tag-val","40":"tag-vapnade-konflikter","41":"tag-venezuela"},"share_on_mastodon":{"url":"https:\/\/pubeurope.com\/@se\/115843435179484646","error":""},"_links":{"self":[{"href":"https:\/\/www.europesays.com\/se\/wp-json\/wp\/v2\/posts\/126568","targetHints":{"allow":["GET"]}}],"collection":[{"href":"https:\/\/www.europesays.com\/se\/wp-json\/wp\/v2\/posts"}],"about":[{"href":"https:\/\/www.europesays.com\/se\/wp-json\/wp\/v2\/types\/post"}],"author":[{"embeddable":true,"href":"https:\/\/www.europesays.com\/se\/wp-json\/wp\/v2\/users\/2"}],"replies":[{"embeddable":true,"href":"https:\/\/www.europesays.com\/se\/wp-json\/wp\/v2\/comments?post=126568"}],"version-history":[{"count":0,"href":"https:\/\/www.europesays.com\/se\/wp-json\/wp\/v2\/posts\/126568\/revisions"}],"wp:featuredmedia":[{"embeddable":true,"href":"https:\/\/www.europesays.com\/se\/wp-json\/wp\/v2\/media\/126569"}],"wp:attachment":[{"href":"https:\/\/www.europesays.com\/se\/wp-json\/wp\/v2\/media?parent=126568"}],"wp:term":[{"taxonomy":"category","embeddable":true,"href":"https:\/\/www.europesays.com\/se\/wp-json\/wp\/v2\/categories?post=126568"},{"taxonomy":"post_tag","embeddable":true,"href":"https:\/\/www.europesays.com\/se\/wp-json\/wp\/v2\/tags?post=126568"}],"curies":[{"name":"wp","href":"https:\/\/api.w.org\/{rel}","templated":true}]}}