{"id":126577,"date":"2026-01-05T16:35:09","date_gmt":"2026-01-05T16:35:09","guid":{"rendered":"https:\/\/www.europesays.com\/se\/126577\/"},"modified":"2026-01-05T16:35:09","modified_gmt":"2026-01-05T16:35:09","slug":"celtic-sparkar-wilifried-nancy-efter-en-manad","status":"publish","type":"post","link":"https:\/\/www.europesays.com\/se\/126577\/","title":{"rendered":"Celtic sparkar Wilifried Nancy efter en m\u00e5nad"},"content":{"rendered":"<p><a data-test-tag=\"internal-link\" href=\"https:\/\/www.aftonbladet.se\/av\/viktoria-bjorklof\" class=\"hyperion-css-13ns1rr\" rel=\"nofollow noopener\" target=\"\" aria-label=\"Se alla artiklar av Viktoria Bj\u00f6rkl\u00f6f\"><img decoding=\"async\" class=\"image-asset hyperion-css-n6kkq1\" data-test-tag=\"image-asset\" src=\"https:\/\/www.europesays.com\/se\/wp-content\/uploads\/2026\/01\/1767630909_256_1451f1a9-65d4-4311-b16d-fd619a2326e7.png\"  alt=\"\"  loading=\"lazy\" fetchpriority=\"auto\" style=\"aspect-ratio:1900 \/ 1900\"\/><\/a><\/p>\n<p class=\"boxtextgrotesk-root_baa6 hyperion-css-1w346fg\">Uppdaterad 17.33 | Publicerad 16.39<\/p>\n<p>share-arrowDela<\/p>\n<p>unsaveSpara<\/p>\n<p>Lyssna p\u00e5 artikelnLyssna p\u00e5&#8230;<\/p>\n<p>expand-left<\/p>\n<p>helsk\u00e4rm<img decoding=\"async\" class=\"image-asset hyperion-css-u06ts1\" data-test-tag=\"image-asset\" src=\"https:\/\/www.europesays.com\/se\/wp-content\/uploads\/2026\/01\/06212f4a-22db-4e81-bbbe-5371ca487f47.jpeg\"  alt=\"Wilfried Nancy.\"  loading=\"eager\" fetchpriority=\"high\" style=\"aspect-ratio:1900 \/ 1188\"\/>Wilfried Nancy. Foto: Wm Sport Media \/ Getty Images<\/p>\n<p class=\"hyperion-css-1shl3oz\" data-test-tag=\"lead-text\">Sex f\u00f6rluster p\u00e5 \u00e5tta matcher.<\/p>\n<p class=\"hyperion-css-1shl3oz\" data-test-tag=\"lead-text\">Nu har Celtic f\u00e5tt nog.<\/p>\n<p class=\"hyperion-css-1shl3oz\" data-test-tag=\"lead-text\">Wilfried Nancy, 48, tillsammans med hans team s\u00e5v\u00e4l som klubbens sportchef f\u00e5r sparken med omedelbar effekt.<\/p>\n<p class=\"hyperion-css-1v9qo5x\">3\u20131-f\u00f6rlusten i Old Firm blev droppen. <\/p>\n<p class=\"hyperion-css-1v9qo5x\">Nu bekr\u00e4ftar Celtic att Nancy f\u00e5r l\u00e4mna som huvudtr\u00e4nare, drygt en m\u00e5nad efter att han blivit tillsatt. D\u00e4rmed blir hans tid som tr\u00e4nare i Celtic den kortaste i klubbens historia.<\/p>\n<p class=\"hyperion-css-1v9qo5x\">\u201dKlubben har beslutat att, med omedelbar verkan, avsluta kontraktet med huvudtr\u00e4naren Wilfried Nancy.<\/p>\n<p class=\"hyperion-css-1v9qo5x\">Klubben tackar Wilfried f\u00f6r hans insatser och \u00f6nskar honom och hans familj all lycka i framtiden.\u201d skriver de p\u00e5 sin hemsida.<\/p>\n<p class=\"hyperion-css-1v9qo5x\">Kontraktet str\u00e4ckte sig ursprungligen till sommaren 2027.<\/p>\n<p>Sparkar sportchefen<\/p>\n<p class=\"hyperion-css-1v9qo5x\">Ut\u00f6ver Nancy tvingas \u00e4ven hans assisterande tr\u00e4nare, Kwame Ampadu, Jules Guegen och Maxime Chalier l\u00e4mna klubben.<\/p>\n<p class=\"hyperion-css-1v9qo5x\">Dessutom avskedar Celtic \u00e4ven sportchefen Paul Tisdale med omedelbar verkan.<\/p>\n<p class=\"hyperion-css-1v9qo5x\">\u201dYtterligare information kommer att l\u00e4mnas till supportrarna s\u00e5 snart det \u00e4r praktiskt m\u00f6jligt.\u201d skriver klubben.<\/p>\n<p class=\"hyperion-css-1v9qo5x\">I Celtic spelar den svenske landslagsmannen Benjamin Nygren. Den skotska klubben ligger tv\u00e5a i Premiership, sex po\u00e4ng under Hearts. <\/p>\n","protected":false},"excerpt":{"rendered":"Uppdaterad 17.33 | Publicerad 16.39 share-arrowDela unsaveSpara Lyssna p\u00e5 artikelnLyssna p\u00e5&#8230; expand-left helsk\u00e4rmWilfried Nancy. Foto: Wm Sport Media&hellip;\n","protected":false},"author":2,"featured_media":126578,"comment_status":"","ping_status":"","sticky":false,"template":"","format":"standard","meta":{"footnotes":""},"categories":[5],"tags":[22,23,26,27,17,21,24,25,28,29,15,16,18,34,31,33,32,30,19,20],"class_list":{"0":"post-126577","1":"post","2":"type-post","3":"status-publish","4":"format-standard","5":"has-post-thumbnail","7":"category-rubriker","8":"tag-breaking-news","9":"tag-breakingnews","10":"tag-featured-news","11":"tag-featurednews","12":"tag-headlines","13":"tag-huvudnyheter","14":"tag-latest-news","15":"tag-latestnews","16":"tag-main-news","17":"tag-mainnews","18":"tag-news","19":"tag-nyheter","20":"tag-rubriker","21":"tag-se","22":"tag-svenska","23":"tag-sverige","24":"tag-sweden","25":"tag-swedish","26":"tag-top-stories","27":"tag-topstories"},"share_on_mastodon":{"url":"https:\/\/pubeurope.com\/@se\/115843466740672779","error":""},"_links":{"self":[{"href":"https:\/\/www.europesays.com\/se\/wp-json\/wp\/v2\/posts\/126577","targetHints":{"allow":["GET"]}}],"collection":[{"href":"https:\/\/www.europesays.com\/se\/wp-json\/wp\/v2\/posts"}],"about":[{"href":"https:\/\/www.europesays.com\/se\/wp-json\/wp\/v2\/types\/post"}],"author":[{"embeddable":true,"href":"https:\/\/www.europesays.com\/se\/wp-json\/wp\/v2\/users\/2"}],"replies":[{"embeddable":true,"href":"https:\/\/www.europesays.com\/se\/wp-json\/wp\/v2\/comments?post=126577"}],"version-history":[{"count":0,"href":"https:\/\/www.europesays.com\/se\/wp-json\/wp\/v2\/posts\/126577\/revisions"}],"wp:featuredmedia":[{"embeddable":true,"href":"https:\/\/www.europesays.com\/se\/wp-json\/wp\/v2\/media\/126578"}],"wp:attachment":[{"href":"https:\/\/www.europesays.com\/se\/wp-json\/wp\/v2\/media?parent=126577"}],"wp:term":[{"taxonomy":"category","embeddable":true,"href":"https:\/\/www.europesays.com\/se\/wp-json\/wp\/v2\/categories?post=126577"},{"taxonomy":"post_tag","embeddable":true,"href":"https:\/\/www.europesays.com\/se\/wp-json\/wp\/v2\/tags?post=126577"}],"curies":[{"name":"wp","href":"https:\/\/api.w.org\/{rel}","templated":true}]}}