{"id":126584,"date":"2026-01-05T16:43:12","date_gmt":"2026-01-05T16:43:12","guid":{"rendered":"https:\/\/www.europesays.com\/se\/126584\/"},"modified":"2026-01-05T16:43:12","modified_gmt":"2026-01-05T16:43:12","slug":"misstankt-spion-gripen-i-stockholm-2","status":"publish","type":"post","link":"https:\/\/www.europesays.com\/se\/126584\/","title":{"rendered":"Misst\u00e4nkt spion gripen i Stockholm"},"content":{"rendered":"<p>Publicerad 5 jan 2026 kl 12.06Uppdaterad kl 14.50<\/p>\n<p>En person hemmah\u00f6rande i Mellansverige har gripits i Stockholm \u2013 misst\u00e4nkt f\u00f6r spioneri.\u00a0<\/p>\n<p>Personen anh\u00f6lls under s\u00f6ndagen.<\/p>\n<p>\u2013 Det h\u00e4r \u00e4r ett \u00e4rende som vi fr\u00e5n S\u00e4kerhetspolisen har arbetat med under en tid, s\u00e4ger Gabriel Wernstedt, presstalesperson vid S\u00e4po.<\/p>\n<p>Senaste nyhetsklippen fr\u00e5n Expressen.<img   alt=\"\"\/><\/p>\n<p>S\u00e4kerhetspolisen uppger att de arbetat med \u00e4rendet \u201dunder en tid\u201d.<\/p>\n<p>Foto: Fredrik Sandberg \/ TT NYHETSBYR\u00c5N<\/p>\n<p>\u00d6ppna bild i helsk\u00e4rm<\/p>\n<p>Brotten ska ha beg\u00e5tts \u201dbland annat i <a href=\"https:\/\/www.expressen.se\/tagg\/location\/stockholm\/\" class=\"\" rel=\"nofollow noopener\" target=\"_blank\">Stockholms<\/a> l\u00e4n\u201d, enligt dokument Expressen tagit del av.\u00a0<\/p>\n<p>Misstankarna r\u00f6r spioneri fr\u00e5n 2022 fram tills att personen anh\u00f6lls.<\/p>\n<p>Den misst\u00e4nkte anh\u00f6lls p\u00e5 s\u00f6ndagen, enligt dokument Expressen tagit del av. F\u00f6rh\u00f6r kommer h\u00e5llas \u201domedelbart s\u00e5 snart en offentlig f\u00f6rsvarare har anordnats\u201d. Enligt \u00c5klagarmyndigheten har en f\u00f6rsvarare utsetts.<\/p>\n<p>S\u00e4po bekr\u00e4ftar att ett gripande har gjorts.<\/p>\n<p>\u201dV\u00e4ldigt tidigt skede\u201d<\/p>\n<p>\u2013 En person \u00e4r anh\u00e5llen och gripen sedan i g\u00e5r. Misstankarna r\u00f6r spioneri. Personen \u00e4r hemmah\u00f6rande i Mellansverige, s\u00e4ger Gabriel Wernstedt, presstalesperson vid S\u00e4po.<\/p>\n<p>Han g\u00e5r inte p\u00e5 flera detaljer om den misst\u00e4nka personen eller brotten.<\/p>\n<p>\u2013 Det \u00e4r i ett v\u00e4ldigt tidigt skede. Det g\u00f6r att det \u00e4r sv\u00e5rt att g\u00e5 in n\u00e4rmare kring vad brottsmisstankarna handlar om, s\u00e4ger Gabriel Wernstedt.<\/p>\n","protected":false},"excerpt":{"rendered":"Publicerad 5 jan 2026 kl 12.06Uppdaterad kl 14.50 En person hemmah\u00f6rande i Mellansverige har gripits i Stockholm \u2013&hellip;\n","protected":false},"author":2,"featured_media":126585,"comment_status":"","ping_status":"","sticky":false,"template":"","format":"standard","meta":{"footnotes":""},"categories":[5],"tags":[22,23,26,27,17,21,24,25,135,28,29,15,16,18,34,154,31,33,32,30,19,5871,20],"class_list":{"0":"post-126584","1":"post","2":"type-post","3":"status-publish","4":"format-standard","5":"has-post-thumbnail","7":"category-rubriker","8":"tag-breaking-news","9":"tag-breakingnews","10":"tag-featured-news","11":"tag-featurednews","12":"tag-headlines","13":"tag-huvudnyheter","14":"tag-latest-news","15":"tag-latestnews","16":"tag-location-stockholm","17":"tag-main-news","18":"tag-mainnews","19":"tag-news","20":"tag-nyheter","21":"tag-rubriker","22":"tag-se","23":"tag-sections-sverige","24":"tag-svenska","25":"tag-sverige","26":"tag-sweden","27":"tag-swedish","28":"tag-top-stories","29":"tag-topic-spioneri","30":"tag-topstories"},"share_on_mastodon":{"url":"https:\/\/pubeurope.com\/@se\/115843498154339295","error":""},"_links":{"self":[{"href":"https:\/\/www.europesays.com\/se\/wp-json\/wp\/v2\/posts\/126584","targetHints":{"allow":["GET"]}}],"collection":[{"href":"https:\/\/www.europesays.com\/se\/wp-json\/wp\/v2\/posts"}],"about":[{"href":"https:\/\/www.europesays.com\/se\/wp-json\/wp\/v2\/types\/post"}],"author":[{"embeddable":true,"href":"https:\/\/www.europesays.com\/se\/wp-json\/wp\/v2\/users\/2"}],"replies":[{"embeddable":true,"href":"https:\/\/www.europesays.com\/se\/wp-json\/wp\/v2\/comments?post=126584"}],"version-history":[{"count":0,"href":"https:\/\/www.europesays.com\/se\/wp-json\/wp\/v2\/posts\/126584\/revisions"}],"wp:featuredmedia":[{"embeddable":true,"href":"https:\/\/www.europesays.com\/se\/wp-json\/wp\/v2\/media\/126585"}],"wp:attachment":[{"href":"https:\/\/www.europesays.com\/se\/wp-json\/wp\/v2\/media?parent=126584"}],"wp:term":[{"taxonomy":"category","embeddable":true,"href":"https:\/\/www.europesays.com\/se\/wp-json\/wp\/v2\/categories?post=126584"},{"taxonomy":"post_tag","embeddable":true,"href":"https:\/\/www.europesays.com\/se\/wp-json\/wp\/v2\/tags?post=126584"}],"curies":[{"name":"wp","href":"https:\/\/api.w.org\/{rel}","templated":true}]}}