{"id":126588,"date":"2026-01-05T16:46:08","date_gmt":"2026-01-05T16:46:08","guid":{"rendered":"https:\/\/www.europesays.com\/se\/126588\/"},"modified":"2026-01-05T16:46:08","modified_gmt":"2026-01-05T16:46:08","slug":"anna-lindmarkergor-comeback-i-tv4","status":"publish","type":"post","link":"https:\/\/www.europesays.com\/se\/126588\/","title":{"rendered":"Anna Lindmarker\ng\u00f6r comeback i TV4"},"content":{"rendered":"<p>Publicerad 5 jan 2026 kl 15.29Uppdaterad kl 16.51<\/p>\n<p>Anna Lindmarker g\u00f6r comeback i TV4.<\/p>\n<p>F\u00f6r Expressen ber\u00e4ttar hon att efter tv\u00e5 \u00e5r k\u00e4nner hon sig redo att \u00e5terv\u00e4nda.\u00a0<\/p>\n<p>\u2013 Jag k\u00e4nde en s\u00e5n l\u00e4ngtan d\u00e5 pl\u00f6tsligt, s\u00e4ger nyhetsankaret.\u00a0<\/p>\n<p><img   alt=\"\"\/><\/p>\n<p>Anna Lindmarker l\u00e4mnade TV4 f\u00f6r tv\u00e5 \u00e5r sedan.<\/p>\n<p>Foto: Henrik Montgomery\/TT \/ TT NEWS AGENCY \/ TT NYHETSBYR\u00c5N<\/p>\n<p>\u00d6ppna bild i helsk\u00e4rm<img loading=\"lazy\"   alt=\"\"\/><\/p>\n<p>Nu g\u00f6r hon comeback som vikarie.<\/p>\n<p>Foto: TV4 \/ TV4<\/p>\n<p>\u00d6ppna bild i helsk\u00e4rm<\/p>\n<p>F\u00f6r tv\u00e5 \u00e5r sedan, n\u00e4r TV4 k\u00e4mpade med ekonomin, l\u00e4mnade nyhetsankaret <a href=\"https:\/\/www.expressen.se\/tagg\/person\/anna-lindmarker\/\" class=\"\" rel=\"nofollow noopener\" target=\"_blank\">Anna Lindmarker<\/a> kanalen. F\u00f6r TT ber\u00e4ttade hon d\u00e5 att hon var f\u00f6rv\u00e5nad \u00f6ver kanalens nedsk\u00e4rningar, och att hon gick igenom alla m\u00f6jliga faser av k\u00e4nslor \u2013 gl\u00e4dje, ilska, sorg.\u00a0<\/p>\n<p>Men nu st\u00e5r det klart att Lindmarker \u00e5terv\u00e4nder till kanalen, det rapporterar <a href=\"https:\/\/www.aftonbladet.se\/nojesbladet\/a\/j0dABz\/dags-for-tv-ankaret-att-gora-comeback\" rel=\"nofollow noopener\" target=\"_blank\">Aftonbladet<\/a>.\u00a0<\/p>\n<p>\u2013 Jag kommer hoppa in som vikarie. Redan n\u00e4r jag slutade pratade vi om det. Men d\u00e5 hade jag absolut ingen lust med det och k\u00e4nde att TV4 var ett avslutat kapitel, sa hon till tidningen.\u00a0<\/p>\n<p>F\u00f6r Expressen ber\u00e4ttar Lindmarker att hon fortsatt att l\u00e4sa nyheterna och f\u00f6lja nyhetsl\u00e4get under \u00e5ren, men p\u00e5 ett oengagerat s\u00e4tt.\u00a0<\/p>\n<p>\u2013 Men nu p\u00e5 sistone&#8230; inleder hon.\u00a0<\/p>\n<p>\u2013 S\u00e5 har jag f\u00e5tt den h\u00e4r k\u00e4nslan att \u201d\u00c5h, det d\u00e4r vore ju roligt att rapportera om\u201d.\u00a0<\/p>\n<p>Efter en lunch med TV4-chefen Viveka Hansson k\u00e4ndes det sj\u00e4lvklart att \u00e5terv\u00e4nda som vikarie.\u00a0<\/p>\n<p>\u2013 Jag k\u00e4nde en s\u00e5n l\u00e4ngtan d\u00e5 pl\u00f6tsligt.<\/p>\n","protected":false},"excerpt":{"rendered":"Publicerad 5 jan 2026 kl 15.29Uppdaterad kl 16.51 Anna Lindmarker g\u00f6r comeback i TV4. F\u00f6r Expressen ber\u00e4ttar hon&hellip;\n","protected":false},"author":2,"featured_media":126589,"comment_status":"","ping_status":"","sticky":false,"template":"","format":"standard","meta":{"footnotes":""},"categories":[67],"tags":[104,384,2194,34,645,31,33,32,30,205,310,105],"class_list":{"0":"post-126588","1":"post","2":"type-post","3":"status-publish","4":"format-standard","5":"has-post-thumbnail","7":"category-underhallning","8":"tag-entertainment","9":"tag-organization-tv4","10":"tag-person-anna-lindmarker","11":"tag-se","12":"tag-sections-tv","13":"tag-svenska","14":"tag-sverige","15":"tag-sweden","16":"tag-swedish","17":"tag-topic-journalistik-medier","18":"tag-topic-kandisar","19":"tag-underhallning"},"share_on_mastodon":{"url":"https:\/\/pubeurope.com\/@se\/115843509992802587","error":""},"_links":{"self":[{"href":"https:\/\/www.europesays.com\/se\/wp-json\/wp\/v2\/posts\/126588","targetHints":{"allow":["GET"]}}],"collection":[{"href":"https:\/\/www.europesays.com\/se\/wp-json\/wp\/v2\/posts"}],"about":[{"href":"https:\/\/www.europesays.com\/se\/wp-json\/wp\/v2\/types\/post"}],"author":[{"embeddable":true,"href":"https:\/\/www.europesays.com\/se\/wp-json\/wp\/v2\/users\/2"}],"replies":[{"embeddable":true,"href":"https:\/\/www.europesays.com\/se\/wp-json\/wp\/v2\/comments?post=126588"}],"version-history":[{"count":0,"href":"https:\/\/www.europesays.com\/se\/wp-json\/wp\/v2\/posts\/126588\/revisions"}],"wp:featuredmedia":[{"embeddable":true,"href":"https:\/\/www.europesays.com\/se\/wp-json\/wp\/v2\/media\/126589"}],"wp:attachment":[{"href":"https:\/\/www.europesays.com\/se\/wp-json\/wp\/v2\/media?parent=126588"}],"wp:term":[{"taxonomy":"category","embeddable":true,"href":"https:\/\/www.europesays.com\/se\/wp-json\/wp\/v2\/categories?post=126588"},{"taxonomy":"post_tag","embeddable":true,"href":"https:\/\/www.europesays.com\/se\/wp-json\/wp\/v2\/tags?post=126588"}],"curies":[{"name":"wp","href":"https:\/\/api.w.org\/{rel}","templated":true}]}}