{"id":126600,"date":"2026-01-05T16:57:25","date_gmt":"2026-01-05T16:57:25","guid":{"rendered":"https:\/\/www.europesays.com\/se\/126600\/"},"modified":"2026-01-05T16:57:25","modified_gmt":"2026-01-05T16:57:25","slug":"guld-och-silver-stiger-efter-att-venezuela-rad-okat-geopolitiska-risker","status":"publish","type":"post","link":"https:\/\/www.europesays.com\/se\/126600\/","title":{"rendered":"Guld och silver stiger efter att Venezuela-r\u00e4d \u00f6kat geopolitiska risker"},"content":{"rendered":"<p>&#13;<br \/>\n                        Guldet stiger med 2,1 procent till 4 419 dollar per uns, medan silvret \u00e4r h\u00f6gre med 5 procent.<\/p>\n<p>Det \u00e4r dock inte bara utvecklingen i omv\u00e4rlden som driver p\u00e5 prisutvecklingen. Guldet gynnas av f\u00f6rv\u00e4ntningar om ytterligare r\u00e4ntes\u00e4nkningar fr\u00e5n Federal Reserve i \u00e5r. Detta i samband med att Trump v\u00e4ntas utse en ny Fed-chef som \u00e4r mer villig att g\u00e5 honom till m\u00f6tes kring l\u00e4gre r\u00e4ntor. Goldman Sachs sp\u00e5r att guldet kan n\u00e5 4 900 dollar per uns under ett basscenario, rapporterar Bloomberg News.<\/p>\n<p>Ut\u00f6ver de faktorer som gynnat guldet har silver ocks\u00e5 gynnats av den ih\u00e5llande oron f\u00f6r att den amerikanska regeringen s\u00e5 sm\u00e5ningom skulle kunna inf\u00f6ra importtullar p\u00e5 metallen.&#13;\n                    <\/p>\n","protected":false},"excerpt":{"rendered":"&#13; Guldet stiger med 2,1 procent till 4 419 dollar per uns, medan silvret \u00e4r h\u00f6gre med 5&hellip;\n","protected":false},"author":2,"featured_media":126601,"comment_status":"","ping_status":"","sticky":false,"template":"","format":"standard","meta":{"footnotes":""},"categories":[65],"tags":[72,70,71,454,453,451,452,34,31,33,32,30,455],"class_list":{"0":"post-126600","1":"post","2":"type-post","3":"status-publish","4":"format-standard","5":"has-post-thumbnail","7":"category-ekonomi","8":"tag-business","9":"tag-economy","10":"tag-ekonomi","11":"tag-ekonomisk-analys","12":"tag-finans","13":"tag-finansiella-nyheter","14":"tag-investera","15":"tag-se","16":"tag-svenska","17":"tag-sverige","18":"tag-sweden","19":"tag-swedish","20":"tag-trading"},"share_on_mastodon":{"url":"https:\/\/pubeurope.com\/@se\/115843553192098759","error":""},"_links":{"self":[{"href":"https:\/\/www.europesays.com\/se\/wp-json\/wp\/v2\/posts\/126600","targetHints":{"allow":["GET"]}}],"collection":[{"href":"https:\/\/www.europesays.com\/se\/wp-json\/wp\/v2\/posts"}],"about":[{"href":"https:\/\/www.europesays.com\/se\/wp-json\/wp\/v2\/types\/post"}],"author":[{"embeddable":true,"href":"https:\/\/www.europesays.com\/se\/wp-json\/wp\/v2\/users\/2"}],"replies":[{"embeddable":true,"href":"https:\/\/www.europesays.com\/se\/wp-json\/wp\/v2\/comments?post=126600"}],"version-history":[{"count":0,"href":"https:\/\/www.europesays.com\/se\/wp-json\/wp\/v2\/posts\/126600\/revisions"}],"wp:featuredmedia":[{"embeddable":true,"href":"https:\/\/www.europesays.com\/se\/wp-json\/wp\/v2\/media\/126601"}],"wp:attachment":[{"href":"https:\/\/www.europesays.com\/se\/wp-json\/wp\/v2\/media?parent=126600"}],"wp:term":[{"taxonomy":"category","embeddable":true,"href":"https:\/\/www.europesays.com\/se\/wp-json\/wp\/v2\/categories?post=126600"},{"taxonomy":"post_tag","embeddable":true,"href":"https:\/\/www.europesays.com\/se\/wp-json\/wp\/v2\/tags?post=126600"}],"curies":[{"name":"wp","href":"https:\/\/api.w.org\/{rel}","templated":true}]}}