{"id":126608,"date":"2026-01-05T17:10:14","date_gmt":"2026-01-05T17:10:14","guid":{"rendered":"https:\/\/www.europesays.com\/se\/126608\/"},"modified":"2026-01-05T17:10:14","modified_gmt":"2026-01-05T17:10:14","slug":"polisinsats-i-jd-vance-hem-galning-forsokte-bryta-sig-in","status":"publish","type":"post","link":"https:\/\/www.europesays.com\/se\/126608\/","title":{"rendered":"Polisinsats i JD Vance hem \u2013 \u201dgalning f\u00f6rs\u00f6kte bryta sig in\u201d"},"content":{"rendered":"<p>H\u00e4ndelsen intr\u00e4ffade i vicepresidentens bostad i Cincinnati, Ohio. Bilder i lokala medier visar skador p\u00e5 f\u00f6nster och enligt k\u00e4lluppgifter ska \u00e4ven ett livvaktsfordon i n\u00e4rheten av huset ha vandaliserats.<\/p>\n<p>En man har gripits, \u201df\u00f6r skadeg\u00f6relse mot fastigheten, inklusive genom att krossa rutor\u201d, uppger en talesperson f\u00f6r Secret Service <a href=\"https:\/\/edition.cnn.com\/2026\/01\/05\/politics\/jd-vance-ohio-residence\" rel=\"nofollow noopener\" target=\"_blank\">till CNN<\/a>.<\/p>\n<p>Varken JD Vance eller n\u00e5gon av hans familjemedlemmar befann sig i bostaden vid tillf\u00e4llet. I sitt inl\u00e4gg p\u00e5 X tackar vicepresidenten b\u00e5de Secret Service och polisen i Cincinnati f\u00f6r deras snabba ingripande, och uttrycker sig samtidigt \u201dskeptisk\u201d till de nyhetsmedier som publicerat bilder p\u00e5 huset.<\/p>\n<p>Mannen greps vid midnatt, lokal tid. <\/p>\n","protected":false},"excerpt":{"rendered":"H\u00e4ndelsen intr\u00e4ffade i vicepresidentens bostad i Cincinnati, Ohio. Bilder i lokala medier visar skador p\u00e5 f\u00f6nster och enligt&hellip;\n","protected":false},"author":2,"featured_media":793,"comment_status":"","ping_status":"","sticky":false,"template":"","format":"standard","meta":{"footnotes":""},"categories":[5],"tags":[22,23,26,27,17,21,24,25,28,29,15,16,18,34,31,33,32,30,19,20],"class_list":{"0":"post-126608","1":"post","2":"type-post","3":"status-publish","4":"format-standard","5":"has-post-thumbnail","7":"category-rubriker","8":"tag-breaking-news","9":"tag-breakingnews","10":"tag-featured-news","11":"tag-featurednews","12":"tag-headlines","13":"tag-huvudnyheter","14":"tag-latest-news","15":"tag-latestnews","16":"tag-main-news","17":"tag-mainnews","18":"tag-news","19":"tag-nyheter","20":"tag-rubriker","21":"tag-se","22":"tag-svenska","23":"tag-sverige","24":"tag-sweden","25":"tag-swedish","26":"tag-top-stories","27":"tag-topstories"},"share_on_mastodon":{"url":"https:\/\/pubeurope.com\/@se\/115843604299992598","error":""},"_links":{"self":[{"href":"https:\/\/www.europesays.com\/se\/wp-json\/wp\/v2\/posts\/126608","targetHints":{"allow":["GET"]}}],"collection":[{"href":"https:\/\/www.europesays.com\/se\/wp-json\/wp\/v2\/posts"}],"about":[{"href":"https:\/\/www.europesays.com\/se\/wp-json\/wp\/v2\/types\/post"}],"author":[{"embeddable":true,"href":"https:\/\/www.europesays.com\/se\/wp-json\/wp\/v2\/users\/2"}],"replies":[{"embeddable":true,"href":"https:\/\/www.europesays.com\/se\/wp-json\/wp\/v2\/comments?post=126608"}],"version-history":[{"count":0,"href":"https:\/\/www.europesays.com\/se\/wp-json\/wp\/v2\/posts\/126608\/revisions"}],"wp:featuredmedia":[{"embeddable":true,"href":"https:\/\/www.europesays.com\/se\/wp-json\/wp\/v2\/media\/793"}],"wp:attachment":[{"href":"https:\/\/www.europesays.com\/se\/wp-json\/wp\/v2\/media?parent=126608"}],"wp:term":[{"taxonomy":"category","embeddable":true,"href":"https:\/\/www.europesays.com\/se\/wp-json\/wp\/v2\/categories?post=126608"},{"taxonomy":"post_tag","embeddable":true,"href":"https:\/\/www.europesays.com\/se\/wp-json\/wp\/v2\/tags?post=126608"}],"curies":[{"name":"wp","href":"https:\/\/api.w.org\/{rel}","templated":true}]}}