{"id":126611,"date":"2026-01-05T17:15:31","date_gmt":"2026-01-05T17:15:31","guid":{"rendered":"https:\/\/www.europesays.com\/se\/126611\/"},"modified":"2026-01-05T17:15:31","modified_gmt":"2026-01-05T17:15:31","slug":"nordea-spar-fortsatt-fallande-inflation-i-december","status":"publish","type":"post","link":"https:\/\/www.europesays.com\/se\/126611\/","title":{"rendered":"Nordea sp\u00e5r fortsatt fallande inflation i december"},"content":{"rendered":"<p class=\"css-176tai ebi15pp2\">Energipriserna bed\u00f6ms ha dragit ned KPIF med omkring 0,4 procentenheter under m\u00e5naden, vilket ger en \u00e5rstakt p\u00e5 2,2 procent, ned fr\u00e5n 2,3 procent i november.<\/p>\n<p class=\"css-176tai ebi15pp2\">KPIF exklusive energi v\u00e4ntas samtidigt ha stigit till 2,6 procent, fr\u00e4mst till f\u00f6ljd av baseffekter samt h\u00f6gre priser p\u00e5 varor, livsmedel och utrikes resor.<\/p>\n<p class=\"css-176tai ebi15pp2\">Nordea bed\u00f6mer att utfallet inte p\u00e5verkar Riksbankens penningpolitik och r\u00e4knar med att styrr\u00e4ntan ligger kvar p\u00e5 1,75 procent under 2026, med en f\u00f6rsta r\u00e4nteh\u00f6jning tidigt 2027. Nordea ligger l\u00e4gre \u00e4n Riksbankens prognos vad g\u00e4ller KPI och KPIF medan man ligger i linje med centralbanken p\u00e5 KPIF exklusive energi.<\/p>\n<p class=\"css-176tai ebi15pp2\">Inflationsstatistiken sl\u00e4pps p\u00e5 torsdag klockan 08.<\/p>\n<p class=\"css-176tai ebi15pp2\"><strong>L\u00e4s mer: <\/strong><strong><a href=\"https:\/\/www.privataaffarer.se\/placeringar\/fonder\/manadens-basta-fonder-profilerade-forvaltaren-i-botten\/\" rel=\"nofollow noopener\" target=\"_blank\">M\u00e5nadens b\u00e4sta fonder \u2013 profilerade f\u00f6rvaltaren i botten<\/a><\/strong><\/p>\n<p class=\"css-176tai ebi15pp2\"><strong>L\u00e4s mer: <\/strong><strong><a href=\"https:\/\/www.privataaffarer.se\/placeringar\/modellportfoljer\/framtvingad-andring-i-fondportfolj-tillhor-de-basta\/\" rel=\"nofollow noopener\" target=\"_blank\">Framtvingad \u00e4ndring i fondportf\u00f6lj: \u201dTillh\u00f6r de b\u00e4sta\u201d<\/a><\/strong><\/p>\n<p class=\"css-176tai ebi15pp2\"><strong>L\u00e4s mer: <\/strong><strong><a href=\"https:\/\/www.privataaffarer.se\/placeringar\/aktier\/bast-och-samst-pa-borsen-2025-aktien-som-sexfaldigades\/\" rel=\"nofollow noopener\" target=\"_blank\">B\u00e4st och s\u00e4mst p\u00e5 b\u00f6rsen 2025 \u2013 aktien som gav \u00f6ver 500 procent<\/a><\/strong><\/p>\n<p class=\"css-176tai ebi15pp2\"><strong>L\u00e4s mer: <\/strong><strong><a href=\"https:\/\/www.privataaffarer.se\/placeringar\/aktier\/hernhag-fem-saker-att-se-upp-med-2026\/\" rel=\"nofollow noopener\" target=\"_blank\">Hernhag: Fem saker att se upp med 2026<\/a><\/strong><\/p>\n","protected":false},"excerpt":{"rendered":"Energipriserna bed\u00f6ms ha dragit ned KPIF med omkring 0,4 procentenheter under m\u00e5naden, vilket ger en \u00e5rstakt p\u00e5 2,2&hellip;\n","protected":false},"author":2,"featured_media":126612,"comment_status":"","ping_status":"","sticky":false,"template":"","format":"standard","meta":{"footnotes":""},"categories":[65],"tags":[72,70,71,34,31,33,32,30],"class_list":{"0":"post-126611","1":"post","2":"type-post","3":"status-publish","4":"format-standard","5":"has-post-thumbnail","7":"category-ekonomi","8":"tag-business","9":"tag-economy","10":"tag-ekonomi","11":"tag-se","12":"tag-svenska","13":"tag-sverige","14":"tag-sweden","15":"tag-swedish"},"share_on_mastodon":{"url":"https:\/\/pubeurope.com\/@se\/115843623973011726","error":""},"_links":{"self":[{"href":"https:\/\/www.europesays.com\/se\/wp-json\/wp\/v2\/posts\/126611","targetHints":{"allow":["GET"]}}],"collection":[{"href":"https:\/\/www.europesays.com\/se\/wp-json\/wp\/v2\/posts"}],"about":[{"href":"https:\/\/www.europesays.com\/se\/wp-json\/wp\/v2\/types\/post"}],"author":[{"embeddable":true,"href":"https:\/\/www.europesays.com\/se\/wp-json\/wp\/v2\/users\/2"}],"replies":[{"embeddable":true,"href":"https:\/\/www.europesays.com\/se\/wp-json\/wp\/v2\/comments?post=126611"}],"version-history":[{"count":0,"href":"https:\/\/www.europesays.com\/se\/wp-json\/wp\/v2\/posts\/126611\/revisions"}],"wp:featuredmedia":[{"embeddable":true,"href":"https:\/\/www.europesays.com\/se\/wp-json\/wp\/v2\/media\/126612"}],"wp:attachment":[{"href":"https:\/\/www.europesays.com\/se\/wp-json\/wp\/v2\/media?parent=126611"}],"wp:term":[{"taxonomy":"category","embeddable":true,"href":"https:\/\/www.europesays.com\/se\/wp-json\/wp\/v2\/categories?post=126611"},{"taxonomy":"post_tag","embeddable":true,"href":"https:\/\/www.europesays.com\/se\/wp-json\/wp\/v2\/tags?post=126611"}],"curies":[{"name":"wp","href":"https:\/\/api.w.org\/{rel}","templated":true}]}}