{"id":126613,"date":"2026-01-05T17:18:08","date_gmt":"2026-01-05T17:18:08","guid":{"rendered":"https:\/\/www.europesays.com\/se\/126613\/"},"modified":"2026-01-05T17:18:08","modified_gmt":"2026-01-05T17:18:08","slug":"annakarin-18-blev-vittne-till-svara-raketolyckan-bara-lag-dar-helt-stilla-nwt","status":"publish","type":"post","link":"https:\/\/www.europesays.com\/se\/126613\/","title":{"rendered":"Annakarin, 18, blev vittne till sv\u00e5ra raketolyckan: \u201dBara l\u00e5g d\u00e4r helt stilla\u201d &#8211; NWT"},"content":{"rendered":"<ol>\n<li><a href=\"https:\/\/news.google.com\/rss\/articles\/CBMirwFBVV95cUxNeGpreW1HTC1aR0pLdzZGY2FYVHl6WjVxbjNYU3hJdHFBWEtSaXhZTUNuSmxVeVFCUkRVTktBQ1pkT1d4QUkyS1pROXhNTC1CMnVMLTFWVlJVeUR2R3pCNGlLMGJXQnhqZEFxNjN5VXlURFJGSE01QlBHTkNFWjQxdFEwMXQwVXptV3VzU1VfNHUxWDZLdkl6cWdXQUE1SHlyemQ2eXJGblRqeHFnM2VR?oc=5\" target=\"_blank\" rel=\"nofollow noopener\">Annakarin, 18, blev vittne till sv\u00e5ra raketolyckan: \u201dBara l\u00e5g d\u00e4r helt stilla\u201d<\/a>&nbsp;&nbsp;NWT<\/li>\n<li><a href=\"https:\/\/news.google.com\/rss\/articles\/CBMioAFBVV95cUxNdzNYRVQtakpJaVgyX1RRVU1zM1hhRjVYeUxlZHVXWVNRcDdmak1JWmlhdnRXakN2TWJHbW81emJhZDNkaXFtbnBwT2poV01ITGhzSmFvVE90SXppVmZyRFBzSTFSNjM2SmRUVmFsYlpEaDI1anBQLS1GaWlTRVJ4dVEyLUp1X0h3YVZySkVScHpCS2N3UGZiVmtBQU1NcV8w?oc=5\" target=\"_blank\" rel=\"nofollow noopener\">Ung man allvarligt skadad efter fyrverkeripj\u00e4s i ansiktet<\/a>&nbsp;&nbsp;SVT Nyheter<\/li>\n<li><a href=\"https:\/\/news.google.com\/rss\/articles\/CBMinwFBVV95cUxPMDRpNjlzcHBBNzVwXzVxVDJZMTNVR0ZySXNJRERQTzI5SWpfZXNxcHZFMjJ3aXV1VTAxcllHT2hsY1R5OU1tc3hkR1BhUWEwVTEyTEJxUVFCR2pZTEdySmFiOGtVQUJ3aWtram52YUVNRUtoZkFhemxiUVVxcHlOaTcyZ0lyQVZmSjlJU0hQbUdWSDFXUVBRYVFTODJibm8?oc=5\" target=\"_blank\" rel=\"nofollow noopener\">Flera brott med fyrverkerier under ny\u00e5r \u2013 ung man skadad i ansiktet<\/a>&nbsp;&nbsp;Sveriges Radio<\/li>\n<li><a href=\"https:\/\/news.google.com\/rss\/articles\/CBMilwFBVV95cUxNVWV1M21KdDYtbkN3dzlMc0x3Y0lsUUQ4czNkX01ub1hvQzM0eVhYUzRwZmFFaWZZSGdMYy1UMzY1WnBmdzA1UExTTTdLeVQ0cF80Y3U2X3lZS0NXNUdBU2pCS2RFOFpkOUVMbzZHTFA2aTVEc2w1WWIyX1NYRi1MMktla0tKZFdmZjJfbXg1WlY2eFNkcjZz?oc=5\" target=\"_blank\" rel=\"nofollow noopener\">St\u00f6kig ny\u00e5rsnatt f\u00f6r polisen i Arvika och Eda<\/a>&nbsp;&nbsp;Arvika Nyheter<\/li>\n<li><a href=\"https:\/\/news.google.com\/rss\/articles\/CBMiuwFBVV95cUxONTFxSXphZGNsU1JEci0tWUdQd0xUWHZyWUFuNUhwQnhTVmRwNVFHYjRRQ3Q1NkVLYWVZUU5wOGMxU3V1dHphNzBYc3lSWEJTSEoxMXZsWllTR1VSZU9pUG5QZ0k2aThFcHBYNm56QmVWdXkxdXlYYVAzYlV1Q3Q2RjR1MThySldQWk5ZVno0RFE1YjNIbGQzaUtUaWJxLXdOWHVnY2VpRE1SUnlBZ0dSR05RSURkekpEb2pB?oc=5\" target=\"_blank\" rel=\"nofollow noopener\">Man fick raket i ansiktet \u2013 h\u00e4ndelsen finns p\u00e5 film: \u201dMycket folk p\u00e5 platsen\u201d<\/a>&nbsp;&nbsp;VF<\/li>\n<\/ol>\n","protected":false},"excerpt":{"rendered":"Annakarin, 18, blev vittne till sv\u00e5ra raketolyckan: \u201dBara l\u00e5g d\u00e4r helt stilla\u201d&nbsp;&nbsp;NWT Ung man allvarligt skadad efter fyrverkeripj\u00e4s&hellip;\n","protected":false},"author":2,"featured_media":126614,"comment_status":"","ping_status":"","sticky":false,"template":"","format":"standard","meta":{"footnotes":""},"categories":[5],"tags":[22,23,26,27,17,21,24,25,28,29,15,16,18,34,31,33,32,30,19,20],"class_list":{"0":"post-126613","1":"post","2":"type-post","3":"status-publish","4":"format-standard","5":"has-post-thumbnail","7":"category-rubriker","8":"tag-breaking-news","9":"tag-breakingnews","10":"tag-featured-news","11":"tag-featurednews","12":"tag-headlines","13":"tag-huvudnyheter","14":"tag-latest-news","15":"tag-latestnews","16":"tag-main-news","17":"tag-mainnews","18":"tag-news","19":"tag-nyheter","20":"tag-rubriker","21":"tag-se","22":"tag-svenska","23":"tag-sverige","24":"tag-sweden","25":"tag-swedish","26":"tag-top-stories","27":"tag-topstories"},"share_on_mastodon":{"url":"https:\/\/pubeurope.com\/@se\/115843635826055650","error":""},"_links":{"self":[{"href":"https:\/\/www.europesays.com\/se\/wp-json\/wp\/v2\/posts\/126613","targetHints":{"allow":["GET"]}}],"collection":[{"href":"https:\/\/www.europesays.com\/se\/wp-json\/wp\/v2\/posts"}],"about":[{"href":"https:\/\/www.europesays.com\/se\/wp-json\/wp\/v2\/types\/post"}],"author":[{"embeddable":true,"href":"https:\/\/www.europesays.com\/se\/wp-json\/wp\/v2\/users\/2"}],"replies":[{"embeddable":true,"href":"https:\/\/www.europesays.com\/se\/wp-json\/wp\/v2\/comments?post=126613"}],"version-history":[{"count":0,"href":"https:\/\/www.europesays.com\/se\/wp-json\/wp\/v2\/posts\/126613\/revisions"}],"wp:featuredmedia":[{"embeddable":true,"href":"https:\/\/www.europesays.com\/se\/wp-json\/wp\/v2\/media\/126614"}],"wp:attachment":[{"href":"https:\/\/www.europesays.com\/se\/wp-json\/wp\/v2\/media?parent=126613"}],"wp:term":[{"taxonomy":"category","embeddable":true,"href":"https:\/\/www.europesays.com\/se\/wp-json\/wp\/v2\/categories?post=126613"},{"taxonomy":"post_tag","embeddable":true,"href":"https:\/\/www.europesays.com\/se\/wp-json\/wp\/v2\/tags?post=126613"}],"curies":[{"name":"wp","href":"https:\/\/api.w.org\/{rel}","templated":true}]}}