{"id":126621,"date":"2026-01-05T17:26:17","date_gmt":"2026-01-05T17:26:17","guid":{"rendered":"https:\/\/www.europesays.com\/se\/126621\/"},"modified":"2026-01-05T17:26:17","modified_gmt":"2026-01-05T17:26:17","slug":"misstankt-spion-gripen-i-stockholm-3","status":"publish","type":"post","link":"https:\/\/www.europesays.com\/se\/126621\/","title":{"rendered":"Misst\u00e4nkt spion gripen i Stockholm"},"content":{"rendered":"<p class=\"boxtextgrotesk-root_baa6 hyperion-css-7pajle\">Uppdaterad 14.15 | Publicerad 12.10<\/p>\n<p>share-arrowDela<\/p>\n<p>unsaveSpara<\/p>\n<p>expand-left<\/p>\n<p>helsk\u00e4rm<img decoding=\"async\" class=\"image-asset hyperion-css-u06ts1\" data-test-tag=\"image-asset\" src=\"https:\/\/www.europesays.com\/se\/wp-content\/uploads\/2026\/01\/0acb752b-22d3-4e16-b21f-ec701ac6d7af.jpeg\"  alt=\"En person misst\u00e4nks f\u00f6r spioneri, enligt Expressen. Arkivbild.\"  loading=\"eager\" fetchpriority=\"high\" style=\"aspect-ratio:1900 \/ 1267\"\/>En person misst\u00e4nks f\u00f6r spioneri, enligt Expressen. Arkivbild. Foto: Nils Petter Nilsson\/TT<\/p>\n<p class=\"hyperion-css-1shl3oz\" data-test-tag=\"lead-text\">En man fr\u00e5n Mellansverige har gripits och anh\u00e5llits misst\u00e4nkt f\u00f6r spioneri. Brottet misst\u00e4nks ha \u00e4gt rum under fyra \u00e5r och regeringen har informerats.<\/p>\n<p class=\"hyperion-css-1v9qo5x\">Personen anh\u00f6lls i s\u00f6ndags och har f\u00f6rordnats en f\u00f6rsvarare, vilket Expressen var f\u00f6rst att rapportera. S\u00e4po bekr\u00e4ftar uppgifterna.<\/p>\n<p class=\"hyperion-css-1v9qo5x\">\u2013 En person \u00e4r anh\u00e5llen och det \u00e4r ett \u00e4rende som S\u00e4kerhetspolisen har arbetat med under en tid och d\u00e4r misstankarna \u00e4r spioneri, s\u00e4ger Johan Wikstr\u00f6m, presstalesperson p\u00e5 S\u00e4kerhetspolisen, till TT.<\/p>\n<p class=\"hyperion-css-1v9qo5x\">Han vill inte g\u00e5 in p\u00e5 n\u00e5gra detaljer, om till exempel vilken akt\u00f6r personen har spionerat f\u00f6r.<\/p>\n<p class=\"hyperion-css-1v9qo5x\">\u2013 Vi kan inte g\u00e5 ut med vilket eller vilka l\u00e4nder, eller vilket eller vilka underr\u00e4ttelse- eller s\u00e4kerhetstj\u00e4nster, som han ska ha g\u00e5tt tillhanda, s\u00e4ger \u00e5klagare Per Lindqvist vid riksenheten f\u00f6r s\u00e4kerhetsm\u00e5l.<\/p>\n<p class=\"hyperion-css-1v9qo5x\">Det misst\u00e4nkta brottet har beg\u00e5tts i Stockholms l\u00e4n och har p\u00e5g\u00e5tt fr\u00e5n den 1 januari 2022 fram till den 4 januari 2026. Mannen \u00e4r hemmah\u00f6rande i Mellansverige.<\/p>\n<p class=\"hyperion-css-1v9qo5x\">\u2013 \u00c4rendet har inte koppling till n\u00e5got tidigare \u00e4rende som vi arbetat med, s\u00e4ger Johan Wikstr\u00f6m.<\/p>\n<p class=\"hyperion-css-1v9qo5x\">Senast p\u00e5 onsdag m\u00e5ste \u00e5klagaren beg\u00e4ra personen h\u00e4ktad eller inte. Regeringen har ocks\u00e5 informerats och st\u00e5r i kontakt med S\u00e4po, uppger justitieminister Gunnar Str\u00f6mmers pressekreterare Caroline Opsahl.<\/p>\n<p class=\"hyperion-css-1v9qo5x\">Mannens f\u00f6rsvarare Hanna Lindblom kan inte heller ge n\u00e5gra detaljer.<\/p>\n<p class=\"hyperion-css-1v9qo5x\">\u2013 Jag kan inte s\u00e4ga ett knyst.<\/p>\n","protected":false},"excerpt":{"rendered":"Uppdaterad 14.15 | Publicerad 12.10 share-arrowDela unsaveSpara expand-left helsk\u00e4rmEn person misst\u00e4nks f\u00f6r spioneri, enligt Expressen. Arkivbild. Foto: Nils&hellip;\n","protected":false},"author":2,"featured_media":126622,"comment_status":"","ping_status":"","sticky":false,"template":"","format":"standard","meta":{"footnotes":""},"categories":[5],"tags":[22,23,26,27,17,21,24,25,28,29,15,16,18,34,31,33,32,30,19,20],"class_list":{"0":"post-126621","1":"post","2":"type-post","3":"status-publish","4":"format-standard","5":"has-post-thumbnail","7":"category-rubriker","8":"tag-breaking-news","9":"tag-breakingnews","10":"tag-featured-news","11":"tag-featurednews","12":"tag-headlines","13":"tag-huvudnyheter","14":"tag-latest-news","15":"tag-latestnews","16":"tag-main-news","17":"tag-mainnews","18":"tag-news","19":"tag-nyheter","20":"tag-rubriker","21":"tag-se","22":"tag-svenska","23":"tag-sverige","24":"tag-sweden","25":"tag-swedish","26":"tag-top-stories","27":"tag-topstories"},"share_on_mastodon":{"url":"https:\/\/pubeurope.com\/@se\/115843667329096184","error":""},"_links":{"self":[{"href":"https:\/\/www.europesays.com\/se\/wp-json\/wp\/v2\/posts\/126621","targetHints":{"allow":["GET"]}}],"collection":[{"href":"https:\/\/www.europesays.com\/se\/wp-json\/wp\/v2\/posts"}],"about":[{"href":"https:\/\/www.europesays.com\/se\/wp-json\/wp\/v2\/types\/post"}],"author":[{"embeddable":true,"href":"https:\/\/www.europesays.com\/se\/wp-json\/wp\/v2\/users\/2"}],"replies":[{"embeddable":true,"href":"https:\/\/www.europesays.com\/se\/wp-json\/wp\/v2\/comments?post=126621"}],"version-history":[{"count":0,"href":"https:\/\/www.europesays.com\/se\/wp-json\/wp\/v2\/posts\/126621\/revisions"}],"wp:featuredmedia":[{"embeddable":true,"href":"https:\/\/www.europesays.com\/se\/wp-json\/wp\/v2\/media\/126622"}],"wp:attachment":[{"href":"https:\/\/www.europesays.com\/se\/wp-json\/wp\/v2\/media?parent=126621"}],"wp:term":[{"taxonomy":"category","embeddable":true,"href":"https:\/\/www.europesays.com\/se\/wp-json\/wp\/v2\/categories?post=126621"},{"taxonomy":"post_tag","embeddable":true,"href":"https:\/\/www.europesays.com\/se\/wp-json\/wp\/v2\/tags?post=126621"}],"curies":[{"name":"wp","href":"https:\/\/api.w.org\/{rel}","templated":true}]}}