{"id":126633,"date":"2026-01-05T17:42:08","date_gmt":"2026-01-05T17:42:08","guid":{"rendered":"https:\/\/www.europesays.com\/se\/126633\/"},"modified":"2026-01-05T17:42:08","modified_gmt":"2026-01-05T17:42:08","slug":"musikern-per-gunnar-juliusson-dod","status":"publish","type":"post","link":"https:\/\/www.europesays.com\/se\/126633\/","title":{"rendered":"Musikern Per Gunnar Juliusson d\u00f6d"},"content":{"rendered":"<p>share-arrowDela<\/p>\n<p>unsaveSpara<\/p>\n<p>expand-left<\/p>\n<p>helsk\u00e4rm<img decoding=\"async\" class=\"image-asset hyperion-css-u06ts1\" data-test-tag=\"image-asset\" src=\"https:\/\/www.europesays.com\/se\/wp-content\/uploads\/2026\/01\/e3ffc2c7-71b0-4ca9-bb1c-0acc81a6d3db.jpeg\"  alt=\"Komposit\u00f6rerna Per Gunnar Juliusson och Ludwig G\u00f6ransson skrev musiken till SVT-serien &quot;Historien om Sverige&quot;. Arkivbild.\"  loading=\"eager\" fetchpriority=\"high\" style=\"aspect-ratio:1900 \/ 1267\"\/>Komposit\u00f6rerna Per Gunnar Juliusson och Ludwig G\u00f6ransson skrev musiken till SVT-serien &#8221;Historien om Sverige&#8221;. Arkivbild. Foto: Pontus Lundahl\/TT<\/p>\n<p class=\"hyperion-css-1shl3oz\" data-test-tag=\"lead-text\">Musikern Per Gunnar Juliusson \u00e4r d\u00f6d, skriver Aftonbladet som citerar tidningen Lira.<\/p>\n<p class=\"hyperion-css-1v9qo5x\">Han avled p\u00e5 ny\u00e5rsafton efter en tids sjukdom, 41 \u00e5r gammal. 2023 diagnostiserades han enligt Lira med en hj\u00e4rntum\u00f6r.<\/p>\n<p class=\"hyperion-css-1v9qo5x\">Tillsammans med komposit\u00f6ren och barndomsv\u00e4nnen Ludwig G\u00f6ransson har han orkestrerat och arrangerat musik f\u00f6r b\u00e5de filmer och tv-serier, d\u00e4ribland \u201dBlack panther\u201d, \u201dStar wars: The Mandalorian\u201d, \u201dDeath wish\u201d och \u201dCreed\u201d.<\/p>\n<p class=\"hyperion-css-1v9qo5x\">2023 skrev duon \u00e4ven ledmotivet till SVT:s storsatsning \u201dHistorien om Sverige\u201d.<\/p>\n","protected":false},"excerpt":{"rendered":"share-arrowDela unsaveSpara expand-left helsk\u00e4rmKomposit\u00f6rerna Per Gunnar Juliusson och Ludwig G\u00f6ransson skrev musiken till SVT-serien &#8221;Historien om Sverige&#8221;. Arkivbild.&hellip;\n","protected":false},"author":2,"featured_media":126634,"comment_status":"","ping_status":"","sticky":false,"template":"","format":"standard","meta":{"footnotes":""},"categories":[5],"tags":[22,23,26,27,17,21,24,25,28,29,15,16,18,34,31,33,32,30,19,20],"class_list":{"0":"post-126633","1":"post","2":"type-post","3":"status-publish","4":"format-standard","5":"has-post-thumbnail","7":"category-rubriker","8":"tag-breaking-news","9":"tag-breakingnews","10":"tag-featured-news","11":"tag-featurednews","12":"tag-headlines","13":"tag-huvudnyheter","14":"tag-latest-news","15":"tag-latestnews","16":"tag-main-news","17":"tag-mainnews","18":"tag-news","19":"tag-nyheter","20":"tag-rubriker","21":"tag-se","22":"tag-svenska","23":"tag-sverige","24":"tag-sweden","25":"tag-swedish","26":"tag-top-stories","27":"tag-topstories"},"share_on_mastodon":{"url":"https:\/\/pubeurope.com\/@se\/115843730202322088","error":""},"_links":{"self":[{"href":"https:\/\/www.europesays.com\/se\/wp-json\/wp\/v2\/posts\/126633","targetHints":{"allow":["GET"]}}],"collection":[{"href":"https:\/\/www.europesays.com\/se\/wp-json\/wp\/v2\/posts"}],"about":[{"href":"https:\/\/www.europesays.com\/se\/wp-json\/wp\/v2\/types\/post"}],"author":[{"embeddable":true,"href":"https:\/\/www.europesays.com\/se\/wp-json\/wp\/v2\/users\/2"}],"replies":[{"embeddable":true,"href":"https:\/\/www.europesays.com\/se\/wp-json\/wp\/v2\/comments?post=126633"}],"version-history":[{"count":0,"href":"https:\/\/www.europesays.com\/se\/wp-json\/wp\/v2\/posts\/126633\/revisions"}],"wp:featuredmedia":[{"embeddable":true,"href":"https:\/\/www.europesays.com\/se\/wp-json\/wp\/v2\/media\/126634"}],"wp:attachment":[{"href":"https:\/\/www.europesays.com\/se\/wp-json\/wp\/v2\/media?parent=126633"}],"wp:term":[{"taxonomy":"category","embeddable":true,"href":"https:\/\/www.europesays.com\/se\/wp-json\/wp\/v2\/categories?post=126633"},{"taxonomy":"post_tag","embeddable":true,"href":"https:\/\/www.europesays.com\/se\/wp-json\/wp\/v2\/tags?post=126633"}],"curies":[{"name":"wp","href":"https:\/\/api.w.org\/{rel}","templated":true}]}}