{"id":126637,"date":"2026-01-05T17:49:07","date_gmt":"2026-01-05T17:49:07","guid":{"rendered":"https:\/\/www.europesays.com\/se\/126637\/"},"modified":"2026-01-05T17:49:07","modified_gmt":"2026-01-05T17:49:07","slug":"behovsstyrt-oppethallande-av-trygghetspunkterna-i-bergvik-och-holmsveden-fran-och-med-tisdag-6-januari","status":"publish","type":"post","link":"https:\/\/www.europesays.com\/se\/126637\/","title":{"rendered":"Behovsstyrt \u00f6ppeth\u00e5llande av trygghetspunkterna i Bergvik och Holmsveden fr\u00e5n och med tisdag 6 januari"},"content":{"rendered":"<p class=\"font-normal\">Det inneb\u00e4r att den som har behov av att komma in i lokalerna mellan kl 10:00-18:00 f\u00f6r exempelvis \u00e5tkomst till toalett, vatten, laddning av telefon och v\u00e4rme kontaktar kommunens journummer 0270-723 13.<\/p>\n<p class=\"font-normal\">Anledningen till f\u00f6r\u00e4ndringen \u00e4r att bes\u00f6ken till dessa trygghetspunkter varit v\u00e4ldigt f\u00e5 eller endast enstaka. Genom denna \u00e5tg\u00e4rd kan \u00e4nd\u00e5 service erbjudas till de som s\u00e5 \u00f6nskar.<\/p>\n<p class=\"font-normal\">G\u00e4llande trygghetspunkterna i Ljusne, Tr\u00f6n\u00f6, och Str\u00e5tj\u00e4ra sker inga f\u00f6r\u00e4ndringar under tisdagen.<\/p>\n","protected":false},"excerpt":{"rendered":"Det inneb\u00e4r att den som har behov av att komma in i lokalerna mellan kl 10:00-18:00 f\u00f6r exempelvis&hellip;\n","protected":false},"author":2,"featured_media":126638,"comment_status":"","ping_status":"","sticky":false,"template":"","format":"standard","meta":{"footnotes":""},"categories":[12],"tags":[22,23,26,27,17,21,24,25,28,29,15,16,18,34,31,33,32,30,19,20],"class_list":{"0":"post-126637","1":"post","2":"type-post","3":"status-publish","4":"format-standard","5":"has-post-thumbnail","7":"category-sverige","8":"tag-breaking-news","9":"tag-breakingnews","10":"tag-featured-news","11":"tag-featurednews","12":"tag-headlines","13":"tag-huvudnyheter","14":"tag-latest-news","15":"tag-latestnews","16":"tag-main-news","17":"tag-mainnews","18":"tag-news","19":"tag-nyheter","20":"tag-rubriker","21":"tag-se","22":"tag-svenska","23":"tag-sverige","24":"tag-sweden","25":"tag-swedish","26":"tag-top-stories","27":"tag-topstories"},"share_on_mastodon":{"url":"https:\/\/pubeurope.com\/@se\/115843757855348250","error":""},"_links":{"self":[{"href":"https:\/\/www.europesays.com\/se\/wp-json\/wp\/v2\/posts\/126637","targetHints":{"allow":["GET"]}}],"collection":[{"href":"https:\/\/www.europesays.com\/se\/wp-json\/wp\/v2\/posts"}],"about":[{"href":"https:\/\/www.europesays.com\/se\/wp-json\/wp\/v2\/types\/post"}],"author":[{"embeddable":true,"href":"https:\/\/www.europesays.com\/se\/wp-json\/wp\/v2\/users\/2"}],"replies":[{"embeddable":true,"href":"https:\/\/www.europesays.com\/se\/wp-json\/wp\/v2\/comments?post=126637"}],"version-history":[{"count":0,"href":"https:\/\/www.europesays.com\/se\/wp-json\/wp\/v2\/posts\/126637\/revisions"}],"wp:featuredmedia":[{"embeddable":true,"href":"https:\/\/www.europesays.com\/se\/wp-json\/wp\/v2\/media\/126638"}],"wp:attachment":[{"href":"https:\/\/www.europesays.com\/se\/wp-json\/wp\/v2\/media?parent=126637"}],"wp:term":[{"taxonomy":"category","embeddable":true,"href":"https:\/\/www.europesays.com\/se\/wp-json\/wp\/v2\/categories?post=126637"},{"taxonomy":"post_tag","embeddable":true,"href":"https:\/\/www.europesays.com\/se\/wp-json\/wp\/v2\/tags?post=126637"}],"curies":[{"name":"wp","href":"https:\/\/api.w.org\/{rel}","templated":true}]}}