{"id":126639,"date":"2026-01-05T17:50:09","date_gmt":"2026-01-05T17:50:09","guid":{"rendered":"https:\/\/www.europesays.com\/se\/126639\/"},"modified":"2026-01-05T17:50:09","modified_gmt":"2026-01-05T17:50:09","slug":"fredrik-karrholm-efter-hundattacken-behover-forbjudas","status":"publish","type":"post","link":"https:\/\/www.europesays.com\/se\/126639\/","title":{"rendered":"Fredrik K\u00e4rrholm efter hundattacken: \u201dBeh\u00f6ver f\u00f6rbjudas\u201d"},"content":{"rendered":"<p>Publicerad 5 jan 2026 kl 15.42Uppdaterad kl 16.38<\/p>\n<p>Kvinnan dog efter att hon attackerats av sin flickv\u00e4ns kamphund.<\/p>\n<p>Nu beh\u00f6vs ett f\u00f6rbud f\u00f6r att stoppa vissa farliga hundar, anser riksdagsledamoten Fredrik K\u00e4rrholm (M).<\/p>\n<p>\u201dDet \u00e4r uppenbart att dessa hundar beh\u00f6ver f\u00f6rbjudas\u201d, skriver han p\u00e5 X.<\/p>\n<p>Nyheter, reportage och analyser i Sverige och i \u00f6vriga v\u00e4rlden.<img   alt=\"\"\/><\/p>\n<p>M-riksdagsledamoten Fredrik K\u00e4rrholm vill se ett f\u00f6rbud mot kamphundar.<\/p>\n<p>Foto: SVEN LINDWALL<\/p>\n<p>\u00d6ppna bild i helsk\u00e4rm<img loading=\"lazy\"   alt=\"\"\/><\/p>\n<p>Hunden som gick till attack avlivades senare.<\/p>\n<p>Foto: Polisens f\u00f6runders\u00f6kning<\/p>\n<p>\u00d6ppna bild i helsk\u00e4rm<\/p>\n<p>Kvinnan i 45-\u00e5rs\u00e5ldern attackerades av en kamphund i en bostad i april 2024. Enligt hund\u00e4garen, en kvinna i 25-\u00e5rs\u00e5ldern, f\u00f6regicks attacken av ett br\u00e5k d\u00e4r den andra kvinnan gav sig p\u00e5 henne, vilket <a href=\"https:\/\/www.expressen.se\/nyheter\/sverige\/kvinna-ihjalbiten-av-flickvannens-hund\/\" rel=\"nofollow noopener\" target=\"_blank\">Expressen tidigare har skrivit om<\/a>.<\/p>\n<p>Hon st\u00e5r nu \u00e5talad f\u00f6r grovt v\u00e5llande till annans d\u00f6d f\u00f6r h\u00e4ndelsen. Enligt \u00e5klagaren borde hon haft b\u00e4ttre kontroll \u00f6ver hunden och sett till att flickv\u00e4nnen fick sjukv\u00e5rd tidigare. \u00a0<\/p>\n<p>Riksdagsledamoten <a href=\"https:\/\/www.expressen.se\/tagg\/person\/fredrik-karrholm\/\" class=\"\" rel=\"nofollow noopener\" target=\"_blank\">Fredrik K\u00e4rrholm<\/a> (M) har tidigare skrivit en motion i riksdagen om ett totalf\u00f6rbud eller \u00e5tminstone ett tillst\u00e5ndskrav f\u00f6r vissa farliga hundraser. Nu reagerar han ocks\u00e5 p\u00e5 det senaste \u00e5talet.\u00a0<\/p>\n<p>\u201dHundens styrka gjorde att \u00e4garen inte kunde stoppa attacken, som d\u00e4rmed slutade i d\u00f6dlig utg\u00e5ng. Det \u00e4r uppenbart att dessa hundar beh\u00f6ver f\u00f6rbjudas\u201d, skriver K\u00e4rrholm p\u00e5 <a href=\"https:\/\/x.com\/FredrikKarrholm\/status\/2008093271575384337\" rel=\"nofollow\">X<\/a>.<\/p>\n<p><strong>L\u00c4S MER: <\/strong><a href=\"https:\/\/www.expressen.se\/nyheter\/sverige\/kvinna-ihjalbiten-av-flickvannens-hund\/\" class=\"\" rel=\"nofollow noopener\" target=\"_blank\">Kvinna ihj\u00e4lbiten av flickv\u00e4nnens hund<\/a><strong>L\u00c4S MER: <\/strong><a href=\"https:\/\/www.expressen.se\/nyheter\/sverige\/xl-bullys-forbjuds-pa-irland-hundarna-tas-till-sverige\/\" class=\"\" rel=\"nofollow noopener\" target=\"_blank\">XL Bullys f\u00f6rbjuds p\u00e5 Irland \u2013 hundarna tas till Sverige<\/a><img alt=\"\"\/>Ljudklippet gick inte att spela upp<\/p>\n<p>F\u00f6rs\u00f6k igen senare<\/p>\n","protected":false},"excerpt":{"rendered":"Publicerad 5 jan 2026 kl 15.42Uppdaterad kl 16.38 Kvinnan dog efter att hon attackerats av sin flickv\u00e4ns kamphund.&hellip;\n","protected":false},"author":2,"featured_media":126640,"comment_status":"","ping_status":"","sticky":false,"template":"","format":"standard","meta":{"footnotes":""},"categories":[5],"tags":[22,23,26,27,17,21,24,25,28,29,15,16,13157,18,34,154,31,33,32,30,19,527,1942,20],"class_list":{"0":"post-126639","1":"post","2":"type-post","3":"status-publish","4":"format-standard","5":"has-post-thumbnail","7":"category-rubriker","8":"tag-breaking-news","9":"tag-breakingnews","10":"tag-featured-news","11":"tag-featurednews","12":"tag-headlines","13":"tag-huvudnyheter","14":"tag-latest-news","15":"tag-latestnews","16":"tag-main-news","17":"tag-mainnews","18":"tag-news","19":"tag-nyheter","20":"tag-person-fredrik-karrholm","21":"tag-rubriker","22":"tag-se","23":"tag-sections-sverige","24":"tag-svenska","25":"tag-sverige","26":"tag-sweden","27":"tag-swedish","28":"tag-top-stories","29":"tag-topic-djur-natur","30":"tag-topic-lagar","31":"tag-topstories"},"share_on_mastodon":{"url":"https:\/\/pubeurope.com\/@se\/115843761652071918","error":""},"_links":{"self":[{"href":"https:\/\/www.europesays.com\/se\/wp-json\/wp\/v2\/posts\/126639","targetHints":{"allow":["GET"]}}],"collection":[{"href":"https:\/\/www.europesays.com\/se\/wp-json\/wp\/v2\/posts"}],"about":[{"href":"https:\/\/www.europesays.com\/se\/wp-json\/wp\/v2\/types\/post"}],"author":[{"embeddable":true,"href":"https:\/\/www.europesays.com\/se\/wp-json\/wp\/v2\/users\/2"}],"replies":[{"embeddable":true,"href":"https:\/\/www.europesays.com\/se\/wp-json\/wp\/v2\/comments?post=126639"}],"version-history":[{"count":0,"href":"https:\/\/www.europesays.com\/se\/wp-json\/wp\/v2\/posts\/126639\/revisions"}],"wp:featuredmedia":[{"embeddable":true,"href":"https:\/\/www.europesays.com\/se\/wp-json\/wp\/v2\/media\/126640"}],"wp:attachment":[{"href":"https:\/\/www.europesays.com\/se\/wp-json\/wp\/v2\/media?parent=126639"}],"wp:term":[{"taxonomy":"category","embeddable":true,"href":"https:\/\/www.europesays.com\/se\/wp-json\/wp\/v2\/categories?post=126639"},{"taxonomy":"post_tag","embeddable":true,"href":"https:\/\/www.europesays.com\/se\/wp-json\/wp\/v2\/tags?post=126639"}],"curies":[{"name":"wp","href":"https:\/\/api.w.org\/{rel}","templated":true}]}}