{"id":126645,"date":"2026-01-05T17:55:10","date_gmt":"2026-01-05T17:55:10","guid":{"rendered":"https:\/\/www.europesays.com\/se\/126645\/"},"modified":"2026-01-05T17:55:10","modified_gmt":"2026-01-05T17:55:10","slug":"en-storre-skandal-an-allra","status":"publish","type":"post","link":"https:\/\/www.europesays.com\/se\/126645\/","title":{"rendered":"\u201dEn st\u00f6rre skandal \u00e4n Allra\u201d"},"content":{"rendered":"<p>Obligations\u00e4gare i Ilija Batljans \u00e4garbolag Ilija Batljan Invest ryter till rej\u00e4lt mot SBB-grundaren, skriver Aff\u00e4rsv\u00e4rlden. De menar att skuldf\u00f6rslaget som blev k\u00e4nt f\u00f6rra veckan\u2026<\/p>\n<p>Omni \u00e4r politiskt obundna och oberoende. Vi str\u00e4var efter att ge fler perspektiv p\u00e5 nyheterna. Har du fr\u00e5gor eller synpunkter kring v\u00e5r rapportering? <a href=\"https:\/\/omniekonomi.se\/hard-kritik-mot-batljans-drag-en-storre-skandal-an-allra\/a\/mailto:eko@omni.se\" class=\"ArticleActions_contactLink__W2F1M\" rel=\"nofollow noopener\" target=\"_blank\">Kontakta redaktionen<\/a><\/p>\n","protected":false},"excerpt":{"rendered":"Obligations\u00e4gare i Ilija Batljans \u00e4garbolag Ilija Batljan Invest ryter till rej\u00e4lt mot SBB-grundaren, skriver Aff\u00e4rsv\u00e4rlden. De menar att&hellip;\n","protected":false},"author":2,"featured_media":126646,"comment_status":"","ping_status":"","sticky":false,"template":"","format":"standard","meta":{"footnotes":""},"categories":[65],"tags":[72,1327,70,71,6661,34,31,33,32,30],"class_list":{"0":"post-126645","1":"post","2":"type-post","3":"status-publish","4":"format-standard","5":"has-post-thumbnail","7":"category-ekonomi","8":"tag-business","9":"tag-bygg-fastighet","10":"tag-economy","11":"tag-ekonomi","12":"tag-ilija-batljan","13":"tag-se","14":"tag-svenska","15":"tag-sverige","16":"tag-sweden","17":"tag-swedish"},"share_on_mastodon":{"url":"https:\/\/pubeurope.com\/@se\/115843781281424268","error":""},"_links":{"self":[{"href":"https:\/\/www.europesays.com\/se\/wp-json\/wp\/v2\/posts\/126645","targetHints":{"allow":["GET"]}}],"collection":[{"href":"https:\/\/www.europesays.com\/se\/wp-json\/wp\/v2\/posts"}],"about":[{"href":"https:\/\/www.europesays.com\/se\/wp-json\/wp\/v2\/types\/post"}],"author":[{"embeddable":true,"href":"https:\/\/www.europesays.com\/se\/wp-json\/wp\/v2\/users\/2"}],"replies":[{"embeddable":true,"href":"https:\/\/www.europesays.com\/se\/wp-json\/wp\/v2\/comments?post=126645"}],"version-history":[{"count":0,"href":"https:\/\/www.europesays.com\/se\/wp-json\/wp\/v2\/posts\/126645\/revisions"}],"wp:featuredmedia":[{"embeddable":true,"href":"https:\/\/www.europesays.com\/se\/wp-json\/wp\/v2\/media\/126646"}],"wp:attachment":[{"href":"https:\/\/www.europesays.com\/se\/wp-json\/wp\/v2\/media?parent=126645"}],"wp:term":[{"taxonomy":"category","embeddable":true,"href":"https:\/\/www.europesays.com\/se\/wp-json\/wp\/v2\/categories?post=126645"},{"taxonomy":"post_tag","embeddable":true,"href":"https:\/\/www.europesays.com\/se\/wp-json\/wp\/v2\/tags?post=126645"}],"curies":[{"name":"wp","href":"https:\/\/api.w.org\/{rel}","templated":true}]}}