{"id":126647,"date":"2026-01-05T17:57:09","date_gmt":"2026-01-05T17:57:09","guid":{"rendered":"https:\/\/www.europesays.com\/se\/126647\/"},"modified":"2026-01-05T17:57:09","modified_gmt":"2026-01-05T17:57:09","slug":"sd-i-norrkoping-om-att-driva-oppositionspolitik","status":"publish","type":"post","link":"https:\/\/www.europesays.com\/se\/126647\/","title":{"rendered":"SD i Norrk\u00f6ping om att driva oppositionspolitik"},"content":{"rendered":"<p>Den pigga Jack Russel-hunden Asta har f\u00e5tt f\u00f6lja med sin husse Christopher Jarnvall p\u00e5 jobbet n\u00e4r vi tr\u00e4ffas f\u00f6r att prata om hur SD:s roll f\u00f6r\u00e4ndrades f\u00f6r ett \u00e5r sedan i det uppm\u00e4rksammade maktskiftet i Norrk\u00f6ping.Med lite distans, hur ser du p\u00e5 det som h\u00e4nde i december 2024?\u2013 Att det var synd att det blev som det blev. Vi hade chansen, vi hade ett bra uppl\u00e4gg f\u00f6r at<\/p>\n","protected":false},"excerpt":{"rendered":"Den pigga Jack Russel-hunden Asta har f\u00e5tt f\u00f6lja med sin husse Christopher Jarnvall p\u00e5 jobbet n\u00e4r vi tr\u00e4ffas&hellip;\n","protected":false},"author":2,"featured_media":126648,"comment_status":"","ping_status":"","sticky":false,"template":"","format":"standard","meta":{"footnotes":""},"categories":[12],"tags":[22,23,26,27,17,21,24,25,28,29,15,16,18,34,31,33,32,30,19,20],"class_list":{"0":"post-126647","1":"post","2":"type-post","3":"status-publish","4":"format-standard","5":"has-post-thumbnail","7":"category-sverige","8":"tag-breaking-news","9":"tag-breakingnews","10":"tag-featured-news","11":"tag-featurednews","12":"tag-headlines","13":"tag-huvudnyheter","14":"tag-latest-news","15":"tag-latestnews","16":"tag-main-news","17":"tag-mainnews","18":"tag-news","19":"tag-nyheter","20":"tag-rubriker","21":"tag-se","22":"tag-svenska","23":"tag-sverige","24":"tag-sweden","25":"tag-swedish","26":"tag-top-stories","27":"tag-topstories"},"share_on_mastodon":{"url":"https:\/\/pubeurope.com\/@se\/115843789270445145","error":""},"_links":{"self":[{"href":"https:\/\/www.europesays.com\/se\/wp-json\/wp\/v2\/posts\/126647","targetHints":{"allow":["GET"]}}],"collection":[{"href":"https:\/\/www.europesays.com\/se\/wp-json\/wp\/v2\/posts"}],"about":[{"href":"https:\/\/www.europesays.com\/se\/wp-json\/wp\/v2\/types\/post"}],"author":[{"embeddable":true,"href":"https:\/\/www.europesays.com\/se\/wp-json\/wp\/v2\/users\/2"}],"replies":[{"embeddable":true,"href":"https:\/\/www.europesays.com\/se\/wp-json\/wp\/v2\/comments?post=126647"}],"version-history":[{"count":0,"href":"https:\/\/www.europesays.com\/se\/wp-json\/wp\/v2\/posts\/126647\/revisions"}],"wp:featuredmedia":[{"embeddable":true,"href":"https:\/\/www.europesays.com\/se\/wp-json\/wp\/v2\/media\/126648"}],"wp:attachment":[{"href":"https:\/\/www.europesays.com\/se\/wp-json\/wp\/v2\/media?parent=126647"}],"wp:term":[{"taxonomy":"category","embeddable":true,"href":"https:\/\/www.europesays.com\/se\/wp-json\/wp\/v2\/categories?post=126647"},{"taxonomy":"post_tag","embeddable":true,"href":"https:\/\/www.europesays.com\/se\/wp-json\/wp\/v2\/tags?post=126647"}],"curies":[{"name":"wp","href":"https:\/\/api.w.org\/{rel}","templated":true}]}}