{"id":126649,"date":"2026-01-05T17:58:23","date_gmt":"2026-01-05T17:58:23","guid":{"rendered":"https:\/\/www.europesays.com\/se\/126649\/"},"modified":"2026-01-05T17:58:23","modified_gmt":"2026-01-05T17:58:23","slug":"tio-doms-for-trakasserier-mot-presidentfrun-brigitte-macron","status":"publish","type":"post","link":"https:\/\/www.europesays.com\/se\/126649\/","title":{"rendered":"Tio d\u00f6ms f\u00f6r trakasserier mot presidentfrun Brigitte Macron"},"content":{"rendered":"<p>Publicerad 5 jan 2026 kl 11.17Uppdaterad kl 11.43<\/p>\n<p>Tio personer d\u00f6ms f\u00f6r n\u00e4ttrakasserier mot Brigitte Macron, fru till Frankrikes president Emmanuel Macron, rapporterar AP.<\/p>\n<p>Senaste nyhetsklippen fr\u00e5n Expressen.<img   alt=\"\"\/><\/p>\n<p>Frankrikes president Emmanuel Macron tillsammans med hustrun Brigitte.<\/p>\n<p>Foto: HARIA\/SOPA IMAGES\/SHUTTERSTOCK \/ SHUTTERSTOCK EDITORIAL\/IBL<\/p>\n<p>\u00d6ppna bild i helsk\u00e4rm<\/p>\n<p>De d\u00f6mda, \u00e5tta m\u00e4n och tv\u00e5 kvinnor, stod \u00e5talade f\u00f6r att ha deltagit i ryktesspridningen om att <a href=\"https:\/\/www.expressen.se\/tagg\/person\/brigitte-macron\/\" class=\"\" rel=\"nofollow noopener\" target=\"_blank\">Brigitte Macron<\/a> f\u00f6ddes som man.<\/p>\n<p>Enligt \u00e5klagaren ska flera ha gjort sig skyldiga till \u201dillasinnade kommentarer om Brigitte Macrons k\u00f6n och sexualitet, samt \u00e5ldersskillnaden gentemot maken&#8230; d\u00e4r hon j\u00e4mf\u00f6rs med en pedofil\u201d, har Le Monde tidigare rapporterat.<\/p>\n<p>Under r\u00e4tteg\u00e5ngen har Macrons dotter Tiphaine Auzi\u00e8re vittnat om att moderns h\u00e4lsa och familjeliv tagit skada av ryktesspridningen.<\/p>\n","protected":false},"excerpt":{"rendered":"Publicerad 5 jan 2026 kl 11.17Uppdaterad kl 11.43 Tio personer d\u00f6ms f\u00f6r n\u00e4ttrakasserier mot Brigitte Macron, fru till&hellip;\n","protected":false},"author":2,"featured_media":126650,"comment_status":"","ping_status":"","sticky":false,"template":"","format":"standard","meta":{"footnotes":""},"categories":[5],"tags":[22,23,26,27,17,21,24,25,3738,28,29,15,16,13158,18,34,55,31,33,32,30,19,136,20],"class_list":{"0":"post-126649","1":"post","2":"type-post","3":"status-publish","4":"format-standard","5":"has-post-thumbnail","7":"category-rubriker","8":"tag-breaking-news","9":"tag-breakingnews","10":"tag-featured-news","11":"tag-featurednews","12":"tag-headlines","13":"tag-huvudnyheter","14":"tag-latest-news","15":"tag-latestnews","16":"tag-location-frankrike","17":"tag-main-news","18":"tag-mainnews","19":"tag-news","20":"tag-nyheter","21":"tag-person-brigitte-macron","22":"tag-rubriker","23":"tag-se","24":"tag-sections-varlden","25":"tag-svenska","26":"tag-sverige","27":"tag-sweden","28":"tag-swedish","29":"tag-top-stories","30":"tag-topic-rattegangar-domar","31":"tag-topstories"},"share_on_mastodon":{"url":"https:\/\/pubeurope.com\/@se\/115843793056660056","error":""},"_links":{"self":[{"href":"https:\/\/www.europesays.com\/se\/wp-json\/wp\/v2\/posts\/126649","targetHints":{"allow":["GET"]}}],"collection":[{"href":"https:\/\/www.europesays.com\/se\/wp-json\/wp\/v2\/posts"}],"about":[{"href":"https:\/\/www.europesays.com\/se\/wp-json\/wp\/v2\/types\/post"}],"author":[{"embeddable":true,"href":"https:\/\/www.europesays.com\/se\/wp-json\/wp\/v2\/users\/2"}],"replies":[{"embeddable":true,"href":"https:\/\/www.europesays.com\/se\/wp-json\/wp\/v2\/comments?post=126649"}],"version-history":[{"count":0,"href":"https:\/\/www.europesays.com\/se\/wp-json\/wp\/v2\/posts\/126649\/revisions"}],"wp:featuredmedia":[{"embeddable":true,"href":"https:\/\/www.europesays.com\/se\/wp-json\/wp\/v2\/media\/126650"}],"wp:attachment":[{"href":"https:\/\/www.europesays.com\/se\/wp-json\/wp\/v2\/media?parent=126649"}],"wp:term":[{"taxonomy":"category","embeddable":true,"href":"https:\/\/www.europesays.com\/se\/wp-json\/wp\/v2\/categories?post=126649"},{"taxonomy":"post_tag","embeddable":true,"href":"https:\/\/www.europesays.com\/se\/wp-json\/wp\/v2\/tags?post=126649"}],"curies":[{"name":"wp","href":"https:\/\/api.w.org\/{rel}","templated":true}]}}