{"id":126656,"date":"2026-01-05T18:05:06","date_gmt":"2026-01-05T18:05:06","guid":{"rendered":"https:\/\/www.europesays.com\/se\/126656\/"},"modified":"2026-01-05T18:05:06","modified_gmt":"2026-01-05T18:05:06","slug":"05-januari-17-34-forsvunnen-person-uppsala","status":"publish","type":"post","link":"https:\/\/www.europesays.com\/se\/126656\/","title":{"rendered":"05 januari 17.34, F\u00f6rsvunnen person, Uppsala"},"content":{"rendered":"<p>Polis \u00e4r p\u00e5 plats med ett flertal resurser i Svartb\u00e4cken i Uppsala med anledning av en f\u00f6rsvunnen person och \u00f6nskar nu allm\u00e4nhetens hj\u00e4lp med eventuella iakttagelser.<\/p>\n<p>Personen, en man i 45-\u00e5rs\u00e5ldern, s\u00e5gs senast vid 16-tiden, d\u00e5 vid sitt boende i norra delarna av Svartb\u00e4cken.<\/p>\n<p><strong>Signalement:<\/strong><br \/>Man i 45-\u00e5rs\u00e5ldern<br \/>Bl\u00e5 jacka, lite l\u00e4ngre modell<br \/>M\u00f6rka mjukisbyxor<br \/>M\u00f6rka k\u00e4ngor<br \/>Gr\u00e5 m\u00f6ssa<br \/>Medell\u00e5ngt h\u00e5r<br \/>Sk\u00e4gg<br \/>M\u00f6rk ryggs\u00e4ck<br \/>Personen beskrivs ha sv\u00e5righeter att sj\u00e4lv orientera sig i omr\u00e5det samt sv\u00e5righeter med social kommunikation.<\/p>\n<p>Polisen misst\u00e4nker inget brott i samband med f\u00f6rsvinnandet.<\/p>\n<p>Har du gjort iakttagelser av mannen, eller st\u00e5r du med honom nu, ring polisen p\u00e5 112.<\/p>\n<p>Bild publicerat efter godk\u00e4nnande av anh\u00f6riga.<\/p>\n","protected":false},"excerpt":{"rendered":"Polis \u00e4r p\u00e5 plats med ett flertal resurser i Svartb\u00e4cken i Uppsala med anledning av en f\u00f6rsvunnen person&hellip;\n","protected":false},"author":2,"featured_media":54,"comment_status":"","ping_status":"","sticky":false,"template":"","format":"standard","meta":{"footnotes":""},"categories":[12],"tags":[22,23,26,27,17,21,24,25,28,29,15,16,18,34,31,33,32,30,19,20],"class_list":{"0":"post-126656","1":"post","2":"type-post","3":"status-publish","4":"format-standard","5":"has-post-thumbnail","7":"category-sverige","8":"tag-breaking-news","9":"tag-breakingnews","10":"tag-featured-news","11":"tag-featurednews","12":"tag-headlines","13":"tag-huvudnyheter","14":"tag-latest-news","15":"tag-latestnews","16":"tag-main-news","17":"tag-mainnews","18":"tag-news","19":"tag-nyheter","20":"tag-rubriker","21":"tag-se","22":"tag-svenska","23":"tag-sverige","24":"tag-sweden","25":"tag-swedish","26":"tag-top-stories","27":"tag-topstories"},"share_on_mastodon":{"url":"https:\/\/pubeurope.com\/@se\/115843820659760502","error":""},"_links":{"self":[{"href":"https:\/\/www.europesays.com\/se\/wp-json\/wp\/v2\/posts\/126656","targetHints":{"allow":["GET"]}}],"collection":[{"href":"https:\/\/www.europesays.com\/se\/wp-json\/wp\/v2\/posts"}],"about":[{"href":"https:\/\/www.europesays.com\/se\/wp-json\/wp\/v2\/types\/post"}],"author":[{"embeddable":true,"href":"https:\/\/www.europesays.com\/se\/wp-json\/wp\/v2\/users\/2"}],"replies":[{"embeddable":true,"href":"https:\/\/www.europesays.com\/se\/wp-json\/wp\/v2\/comments?post=126656"}],"version-history":[{"count":0,"href":"https:\/\/www.europesays.com\/se\/wp-json\/wp\/v2\/posts\/126656\/revisions"}],"wp:featuredmedia":[{"embeddable":true,"href":"https:\/\/www.europesays.com\/se\/wp-json\/wp\/v2\/media\/54"}],"wp:attachment":[{"href":"https:\/\/www.europesays.com\/se\/wp-json\/wp\/v2\/media?parent=126656"}],"wp:term":[{"taxonomy":"category","embeddable":true,"href":"https:\/\/www.europesays.com\/se\/wp-json\/wp\/v2\/categories?post=126656"},{"taxonomy":"post_tag","embeddable":true,"href":"https:\/\/www.europesays.com\/se\/wp-json\/wp\/v2\/tags?post=126656"}],"curies":[{"name":"wp","href":"https:\/\/api.w.org\/{rel}","templated":true}]}}