{"id":126657,"date":"2026-01-05T18:06:19","date_gmt":"2026-01-05T18:06:19","guid":{"rendered":"https:\/\/www.europesays.com\/se\/126657\/"},"modified":"2026-01-05T18:06:19","modified_gmt":"2026-01-05T18:06:19","slug":"jag-alskar-barnen-men-snart-far-det-vara-nog","status":"publish","type":"post","link":"https:\/\/www.europesays.com\/se\/126657\/","title":{"rendered":"Jag \u00e4lskar barnen \u2013 men snart f\u00e5r det vara nog"},"content":{"rendered":"<p>Det diskuteras, bollas, tas beslut, \u00e4ndring av tidigare beslut. V\u00e5ra barn \u00e4r framtiden, men deras vardag p\u00e5 f\u00f6rskolan \u00e4r st\u00e4ndigt i f\u00f6r\u00e4ndring. Olika rektorer olika verksamhetsinriktningar.\u00a0<\/p>\n<p>F\u00f6rskolepersonal som har sitt jobb f\u00f6r att dom m\u00e5nar om barnens v\u00e4lbefinnande, deras milj\u00f6 som ska vara mjuk i ljudniv\u00e5 och inspirera till l\u00e4rande, ist\u00e4llet \u00e4r ljudniv\u00e5n s\u00e5 h\u00f6g att f\u00f6rskolepersonal har \u00f6ronproppar utdelade av rektorer, barngrupperna blir st\u00f6rre och f\u00f6rskolepersonal minskar i antal.\u00a0<\/p>\n<p>M\u00e5nga l\u00e5ngtidssjukskrivna, m\u00e5nga byter helt yrken. Och det ska till\u00e4ggas att m\u00e5nga av v\u00e5ra barn m\u00e5ste f\u00e5ngas upp tidigt, men resurserna till det finns inte. K\u00e4nslan av att vi inte hinner se och l\u00e4ra k\u00e4nna v\u00e5ra barn blir tydligare f\u00f6r varje nytt beslut. Undrar n\u00e4r det \u00e4r dags att se \u00f6ver hela verksamheter?<\/p>\n","protected":false},"excerpt":{"rendered":"Det diskuteras, bollas, tas beslut, \u00e4ndring av tidigare beslut. V\u00e5ra barn \u00e4r framtiden, men deras vardag p\u00e5 f\u00f6rskolan&hellip;\n","protected":false},"author":2,"featured_media":126658,"comment_status":"","ping_status":"","sticky":false,"template":"","format":"standard","meta":{"footnotes":""},"categories":[5],"tags":[22,23,26,27,17,21,24,25,28,29,15,16,18,34,31,33,32,30,19,20],"class_list":{"0":"post-126657","1":"post","2":"type-post","3":"status-publish","4":"format-standard","5":"has-post-thumbnail","7":"category-rubriker","8":"tag-breaking-news","9":"tag-breakingnews","10":"tag-featured-news","11":"tag-featurednews","12":"tag-headlines","13":"tag-huvudnyheter","14":"tag-latest-news","15":"tag-latestnews","16":"tag-main-news","17":"tag-mainnews","18":"tag-news","19":"tag-nyheter","20":"tag-rubriker","21":"tag-se","22":"tag-svenska","23":"tag-sverige","24":"tag-sweden","25":"tag-swedish","26":"tag-top-stories","27":"tag-topstories"},"share_on_mastodon":{"url":"https:\/\/pubeurope.com\/@se\/115843824522857174","error":""},"_links":{"self":[{"href":"https:\/\/www.europesays.com\/se\/wp-json\/wp\/v2\/posts\/126657","targetHints":{"allow":["GET"]}}],"collection":[{"href":"https:\/\/www.europesays.com\/se\/wp-json\/wp\/v2\/posts"}],"about":[{"href":"https:\/\/www.europesays.com\/se\/wp-json\/wp\/v2\/types\/post"}],"author":[{"embeddable":true,"href":"https:\/\/www.europesays.com\/se\/wp-json\/wp\/v2\/users\/2"}],"replies":[{"embeddable":true,"href":"https:\/\/www.europesays.com\/se\/wp-json\/wp\/v2\/comments?post=126657"}],"version-history":[{"count":0,"href":"https:\/\/www.europesays.com\/se\/wp-json\/wp\/v2\/posts\/126657\/revisions"}],"wp:featuredmedia":[{"embeddable":true,"href":"https:\/\/www.europesays.com\/se\/wp-json\/wp\/v2\/media\/126658"}],"wp:attachment":[{"href":"https:\/\/www.europesays.com\/se\/wp-json\/wp\/v2\/media?parent=126657"}],"wp:term":[{"taxonomy":"category","embeddable":true,"href":"https:\/\/www.europesays.com\/se\/wp-json\/wp\/v2\/categories?post=126657"},{"taxonomy":"post_tag","embeddable":true,"href":"https:\/\/www.europesays.com\/se\/wp-json\/wp\/v2\/tags?post=126657"}],"curies":[{"name":"wp","href":"https:\/\/api.w.org\/{rel}","templated":true}]}}