{"id":126666,"date":"2026-01-05T18:14:10","date_gmt":"2026-01-05T18:14:10","guid":{"rendered":"https:\/\/www.europesays.com\/se\/126666\/"},"modified":"2026-01-05T18:14:10","modified_gmt":"2026-01-05T18:14:10","slug":"jacob-ouro-ortmark-klar-for-orebro-sk","status":"publish","type":"post","link":"https:\/\/www.europesays.com\/se\/126666\/","title":{"rendered":"Jacob Ouro Ortmark klar f\u00f6r \u00d6rebro SK"},"content":{"rendered":"<p>Publicerad 5 jan 2026 kl 14.40Uppdaterad kl 15.34<\/p>\n<p>\u00d6rebro SK forts\u00e4tter att f\u00f6rst\u00e4rka under Rikard Norlings ledning.<\/p>\n<p>Enligt Expressens k\u00e4llor \u00e4r Jacob Ouro Ortmark klar f\u00f6r klubben, vilket under m\u00e5ndagen sedan bekr\u00e4ftades av klubben<\/p>\n<p><img   alt=\"\"\/><\/p>\n<p>Jacob Ouro Ortmark.<\/p>\n<p>Foto: KENTA J\u00d6NSSON \/ BILDBYR\u00c5N<\/p>\n<p>\u00d6ppna bild i helsk\u00e4rm<\/p>\n<p>\u00d6rebro SK har haft n\u00e5gra intensiva veckor. I mellandagarna presenterades Rikard Norling som ny huvudtr\u00e4nare f\u00f6r klubben och i dagarna v\u00e4rvade klubben Samuel Wikman.<\/p>\n<p>Nu \u00e4r n\u00e4sta spelare klar f\u00f6r \u00d6SK-bygget.<\/p>\n<p>Enligt uppgifter till Expressen \u00e4r Jacob Ouro Ortmark klar f\u00f6r spel i \u00d6rebro SK den kommande s\u00e4songen, vilket \u00d6SK nu bekr\u00e4ftat.<\/p>\n<p>\u2013 Efter en bra dialog med Enes och Rikard k\u00e4nns det h\u00e4r helt r\u00e4tt f\u00f6r mig personligt och fotbollsm\u00e4ssigt. Nu har jag en stor hunger p\u00e5 att f\u00e5 s\u00e4tta i g\u00e5ng arbetet tillsammans och hoppas kunna bidra med mycket energi, driv och rutin till laget, s\u00e4ger han i en kommentar.<\/p>\n<p>Jacob Ouro Ortmark l\u00e4mnade Hammarby efter f\u00f6rra s\u00e4songen och har st\u00e5tt utan kontrakt de senaste veckorna. Nu b\u00e4r flyttlasset av till Behrn arena och \u00d6rebro SK.<\/p>\n","protected":false},"excerpt":{"rendered":"Publicerad 5 jan 2026 kl 14.40Uppdaterad kl 15.34 \u00d6rebro SK forts\u00e4tter att f\u00f6rst\u00e4rka under Rikard Norlings ledning. Enligt&hellip;\n","protected":false},"author":2,"featured_media":126667,"comment_status":"","ping_status":"","sticky":false,"template":"","format":"standard","meta":{"footnotes":""},"categories":[5],"tags":[22,23,26,27,17,21,24,25,28,29,15,16,2534,18,34,129,215,31,33,32,30,19,20],"class_list":{"0":"post-126666","1":"post","2":"type-post","3":"status-publish","4":"format-standard","5":"has-post-thumbnail","7":"category-rubriker","8":"tag-breaking-news","9":"tag-breakingnews","10":"tag-featured-news","11":"tag-featurednews","12":"tag-headlines","13":"tag-huvudnyheter","14":"tag-latest-news","15":"tag-latestnews","16":"tag-main-news","17":"tag-mainnews","18":"tag-news","19":"tag-nyheter","20":"tag-organization-orebro-sk","21":"tag-rubriker","22":"tag-se","23":"tag-sections-fotboll","24":"tag-sections-superettan","25":"tag-svenska","26":"tag-sverige","27":"tag-sweden","28":"tag-swedish","29":"tag-top-stories","30":"tag-topstories"},"share_on_mastodon":{"url":"https:\/\/pubeurope.com\/@se\/115843856070850809","error":""},"_links":{"self":[{"href":"https:\/\/www.europesays.com\/se\/wp-json\/wp\/v2\/posts\/126666","targetHints":{"allow":["GET"]}}],"collection":[{"href":"https:\/\/www.europesays.com\/se\/wp-json\/wp\/v2\/posts"}],"about":[{"href":"https:\/\/www.europesays.com\/se\/wp-json\/wp\/v2\/types\/post"}],"author":[{"embeddable":true,"href":"https:\/\/www.europesays.com\/se\/wp-json\/wp\/v2\/users\/2"}],"replies":[{"embeddable":true,"href":"https:\/\/www.europesays.com\/se\/wp-json\/wp\/v2\/comments?post=126666"}],"version-history":[{"count":0,"href":"https:\/\/www.europesays.com\/se\/wp-json\/wp\/v2\/posts\/126666\/revisions"}],"wp:featuredmedia":[{"embeddable":true,"href":"https:\/\/www.europesays.com\/se\/wp-json\/wp\/v2\/media\/126667"}],"wp:attachment":[{"href":"https:\/\/www.europesays.com\/se\/wp-json\/wp\/v2\/media?parent=126666"}],"wp:term":[{"taxonomy":"category","embeddable":true,"href":"https:\/\/www.europesays.com\/se\/wp-json\/wp\/v2\/categories?post=126666"},{"taxonomy":"post_tag","embeddable":true,"href":"https:\/\/www.europesays.com\/se\/wp-json\/wp\/v2\/tags?post=126666"}],"curies":[{"name":"wp","href":"https:\/\/api.w.org\/{rel}","templated":true}]}}