{"id":126668,"date":"2026-01-05T18:15:10","date_gmt":"2026-01-05T18:15:10","guid":{"rendered":"https:\/\/www.europesays.com\/se\/126668\/"},"modified":"2026-01-05T18:15:10","modified_gmt":"2026-01-05T18:15:10","slug":"diabetes-okar-risken-for-impotens-hos-svenska-man","status":"publish","type":"post","link":"https:\/\/www.europesays.com\/se\/126668\/","title":{"rendered":"Diabetes \u00f6kar risken f\u00f6r impotens hos svenska m\u00e4n"},"content":{"rendered":"<p>Publicerad 5 jan 2026 kl 17.00<\/p>\n<p> Premium Hundratusentals svenska m\u00e4n lider av impotens \u2013 m\u00e5nga utan att veta varf\u00f6r.<\/p>\n<p>Samtidigt bekr\u00e4ftar en ny studie:\u00a0<\/p>\n<p>En vanlig sjukdom kan tredubbla risken att drabbas.<\/p>\n<p>\u2013 Om man sj\u00e4lv upplever problem tycker jag att man ska ta upp det med sin l\u00e4kare, s\u00e4ger professor Johnny Ludvigsson.<\/p>\n<p>\u00a0<\/p>\n<p><a href=\"https:\/\/www.expressen.se\/premium\/halsa\/\" rel=\"nofollow noopener\" target=\"_blank\">H\u00e4r hittar du mer om medicin, h\u00e4lsa och forskning!<br \/><\/a><\/p>\n<p><img   alt=\"Bekymret med impotens kan vara ett underliggande problem som g\u00e5r att \u00e5tg\u00e4rda efter bes\u00f6k hos allm\u00e4nl\u00e4kare.\"\/><\/p>\n<p>Bekymret med impotens kan vara ett underliggande problem som g\u00e5r att \u00e5tg\u00e4rda efter bes\u00f6k hos allm\u00e4nl\u00e4kare. Foto: Korawat photo shoot\/Shutterstock<\/p>\n<p>Dela artikel<\/p>\n<p>Kopiera l\u00e4nk<\/p>\n<p>L\u00e4nk kopierad<\/p>\n<p>Har du du sv\u00e5rt att f\u00e5 upp den?<\/p>\n<p>Du \u00e4r l\u00e5ngt ifr\u00e5n ensam.\u00a0<\/p>\n","protected":false},"excerpt":{"rendered":"Publicerad 5 jan 2026 kl 17.00 Premium Hundratusentals svenska m\u00e4n lider av impotens \u2013 m\u00e5nga utan att veta&hellip;\n","protected":false},"author":2,"featured_media":126669,"comment_status":"","ping_status":"","sticky":false,"template":"","format":"standard","meta":{"footnotes":""},"categories":[69],"tags":[2630,113,112,446,5638,5688,2631,34,31,33,32,30],"class_list":{"0":"post-126668","1":"post","2":"type-post","3":"status-publish","4":"format-standard","5":"has-post-thumbnail","7":"category-halsa","8":"tag-diabetes","9":"tag-halsa","10":"tag-health","11":"tag-karolinska-institutet","12":"tag-linkoping","13":"tag-livsstilssjukdom","14":"tag-overvikt","15":"tag-se","16":"tag-svenska","17":"tag-sverige","18":"tag-sweden","19":"tag-swedish"},"share_on_mastodon":{"url":"https:\/\/pubeurope.com\/@se\/115843860078256513","error":""},"_links":{"self":[{"href":"https:\/\/www.europesays.com\/se\/wp-json\/wp\/v2\/posts\/126668","targetHints":{"allow":["GET"]}}],"collection":[{"href":"https:\/\/www.europesays.com\/se\/wp-json\/wp\/v2\/posts"}],"about":[{"href":"https:\/\/www.europesays.com\/se\/wp-json\/wp\/v2\/types\/post"}],"author":[{"embeddable":true,"href":"https:\/\/www.europesays.com\/se\/wp-json\/wp\/v2\/users\/2"}],"replies":[{"embeddable":true,"href":"https:\/\/www.europesays.com\/se\/wp-json\/wp\/v2\/comments?post=126668"}],"version-history":[{"count":0,"href":"https:\/\/www.europesays.com\/se\/wp-json\/wp\/v2\/posts\/126668\/revisions"}],"wp:featuredmedia":[{"embeddable":true,"href":"https:\/\/www.europesays.com\/se\/wp-json\/wp\/v2\/media\/126669"}],"wp:attachment":[{"href":"https:\/\/www.europesays.com\/se\/wp-json\/wp\/v2\/media?parent=126668"}],"wp:term":[{"taxonomy":"category","embeddable":true,"href":"https:\/\/www.europesays.com\/se\/wp-json\/wp\/v2\/categories?post=126668"},{"taxonomy":"post_tag","embeddable":true,"href":"https:\/\/www.europesays.com\/se\/wp-json\/wp\/v2\/tags?post=126668"}],"curies":[{"name":"wp","href":"https:\/\/api.w.org\/{rel}","templated":true}]}}