{"id":126686,"date":"2026-01-05T18:36:30","date_gmt":"2026-01-05T18:36:30","guid":{"rendered":"https:\/\/www.europesays.com\/se\/126686\/"},"modified":"2026-01-05T18:36:30","modified_gmt":"2026-01-05T18:36:30","slug":"borsfest-for-forsvarsaktier-efter-anfallet-i-venezuela","status":"publish","type":"post","link":"https:\/\/www.europesays.com\/se\/126686\/","title":{"rendered":"B\u00f6rsfest f\u00f6r f\u00f6rsvarsaktier efter anfallet i Venezuela"},"content":{"rendered":"<p>Europas f\u00f6rsvarsaktier stiger brett p\u00e5 m\u00e5ndagen efter USA:s attack mot Venezuela och gripandet av president Nicol\u00e1s Maduro.<\/p>\n<p>P\u00e5 hemmaplan n\u00e5r Saab en ny rekordnotering med en uppg\u00e5ng p\u00e5 \u00f6ver 6 procent, skriver DI. <\/p>\n<p>Utvecklingen \u00e4r liknande p\u00e5 kontintenten. I Tyskland \u00f6kar f\u00f6rsvarsbolagen Renk Group, Rheinmetall och Hensoldt alla mellan 5 och 6 procent. I Italien \u00e4r det Leonardo som st\u00e5r f\u00f6r en liknande uppg\u00e5ng och \u00e4ven i Storbritannien stiger BAE Systems tydligt till f\u00f6ljd av den \u00f6kade geopolitiska oron.<\/p>\n<p>USA:s attack skedde i helgen, vilket g\u00f6r att m\u00e5ndagen \u00e4r den f\u00f6rsta b\u00f6rsdagen sedan anfallet.<\/p>\n<p>Omni \u00e4r politiskt obundna och oberoende. Vi str\u00e4var efter att ge fler perspektiv p\u00e5 nyheterna. Har du fr\u00e5gor eller synpunkter kring v\u00e5r rapportering? <a href=\"https:\/\/omni.se\/efter-maduro-gripandet-europas-forvarsjattar-stiger\/a\/mailto:redaktion@omni.se\" class=\"ArticleActions_contactLink__W2F1M\" rel=\"nofollow noopener\" target=\"_blank\">Kontakta redaktionen<\/a><\/p>\n","protected":false},"excerpt":{"rendered":"Europas f\u00f6rsvarsaktier stiger brett p\u00e5 m\u00e5ndagen efter USA:s attack mot Venezuela och gripandet av president Nicol\u00e1s Maduro. P\u00e5&hellip;\n","protected":false},"author":2,"featured_media":126687,"comment_status":"","ping_status":"","sticky":false,"template":"","format":"standard","meta":{"footnotes":""},"categories":[65],"tags":[387,11931,72,70,71,6388,868,2546,4676,2200,34,31,33,32,30,74,13061,2545],"class_list":{"0":"post-126686","1":"post","2":"type-post","3":"status-publish","4":"format-standard","5":"has-post-thumbnail","7":"category-ekonomi","8":"tag-amerikansk-politik","9":"tag-bae-systems","10":"tag-business","11":"tag-economy","12":"tag-ekonomi","13":"tag-europaborserna","14":"tag-forsvarsindustri","15":"tag-nicolas-maduro","16":"tag-rheinmetall","17":"tag-saab","18":"tag-se","19":"tag-svenska","20":"tag-sverige","21":"tag-sweden","22":"tag-swedish","23":"tag-usa","24":"tag-usa-vs-venezuela","25":"tag-venezuela"},"share_on_mastodon":{"url":"https:\/\/pubeurope.com\/@se\/115843942484321062","error":""},"_links":{"self":[{"href":"https:\/\/www.europesays.com\/se\/wp-json\/wp\/v2\/posts\/126686","targetHints":{"allow":["GET"]}}],"collection":[{"href":"https:\/\/www.europesays.com\/se\/wp-json\/wp\/v2\/posts"}],"about":[{"href":"https:\/\/www.europesays.com\/se\/wp-json\/wp\/v2\/types\/post"}],"author":[{"embeddable":true,"href":"https:\/\/www.europesays.com\/se\/wp-json\/wp\/v2\/users\/2"}],"replies":[{"embeddable":true,"href":"https:\/\/www.europesays.com\/se\/wp-json\/wp\/v2\/comments?post=126686"}],"version-history":[{"count":0,"href":"https:\/\/www.europesays.com\/se\/wp-json\/wp\/v2\/posts\/126686\/revisions"}],"wp:featuredmedia":[{"embeddable":true,"href":"https:\/\/www.europesays.com\/se\/wp-json\/wp\/v2\/media\/126687"}],"wp:attachment":[{"href":"https:\/\/www.europesays.com\/se\/wp-json\/wp\/v2\/media?parent=126686"}],"wp:term":[{"taxonomy":"category","embeddable":true,"href":"https:\/\/www.europesays.com\/se\/wp-json\/wp\/v2\/categories?post=126686"},{"taxonomy":"post_tag","embeddable":true,"href":"https:\/\/www.europesays.com\/se\/wp-json\/wp\/v2\/tags?post=126686"}],"curies":[{"name":"wp","href":"https:\/\/api.w.org\/{rel}","templated":true}]}}