{"id":126691,"date":"2026-01-05T18:41:07","date_gmt":"2026-01-05T18:41:07","guid":{"rendered":"https:\/\/www.europesays.com\/se\/126691\/"},"modified":"2026-01-05T18:41:07","modified_gmt":"2026-01-05T18:41:07","slug":"slagsmal-mellan-alba-och-krogdahl-i-karlstad","status":"publish","type":"post","link":"https:\/\/www.europesays.com\/se\/126691\/","title":{"rendered":"Slagsm\u00e5l mellan Alba och Krogdahl i Karlstad"},"content":{"rendered":"<p>Det var i den laddade matchen i Karlstad mellan F\u00e4rjestad och Skellefte\u00e5 som FBK-forwarden Emil Alba och SAIK-f\u00f6rsvararen Max Krogdahl hade en personlig uppg\u00f6relse efter en situation framf\u00f6r Skellefte\u00e5s m\u00e5l.Incidenten skedde i den andra perioden och slutade med matchstraff f\u00f6r b\u00e5da spelarna. I matchen, som Skellefte\u00e5 vann med 6\u20132, gjorde Jonathan Davidsson ett av m\u00e5le<\/p>\n","protected":false},"excerpt":{"rendered":"Det var i den laddade matchen i Karlstad mellan F\u00e4rjestad och Skellefte\u00e5 som FBK-forwarden Emil Alba och SAIK-f\u00f6rsvararen&hellip;\n","protected":false},"author":2,"featured_media":126692,"comment_status":"","ping_status":"","sticky":false,"template":"","format":"standard","meta":{"footnotes":""},"categories":[68],"tags":[34,111,110,31,33,32,30],"class_list":{"0":"post-126691","1":"post","2":"type-post","3":"status-publish","4":"format-standard","5":"has-post-thumbnail","7":"category-sport","8":"tag-se","9":"tag-sport","10":"tag-sports","11":"tag-svenska","12":"tag-sverige","13":"tag-sweden","14":"tag-swedish"},"share_on_mastodon":{"url":"https:\/\/pubeurope.com\/@se\/115843962119756064","error":""},"_links":{"self":[{"href":"https:\/\/www.europesays.com\/se\/wp-json\/wp\/v2\/posts\/126691","targetHints":{"allow":["GET"]}}],"collection":[{"href":"https:\/\/www.europesays.com\/se\/wp-json\/wp\/v2\/posts"}],"about":[{"href":"https:\/\/www.europesays.com\/se\/wp-json\/wp\/v2\/types\/post"}],"author":[{"embeddable":true,"href":"https:\/\/www.europesays.com\/se\/wp-json\/wp\/v2\/users\/2"}],"replies":[{"embeddable":true,"href":"https:\/\/www.europesays.com\/se\/wp-json\/wp\/v2\/comments?post=126691"}],"version-history":[{"count":0,"href":"https:\/\/www.europesays.com\/se\/wp-json\/wp\/v2\/posts\/126691\/revisions"}],"wp:featuredmedia":[{"embeddable":true,"href":"https:\/\/www.europesays.com\/se\/wp-json\/wp\/v2\/media\/126692"}],"wp:attachment":[{"href":"https:\/\/www.europesays.com\/se\/wp-json\/wp\/v2\/media?parent=126691"}],"wp:term":[{"taxonomy":"category","embeddable":true,"href":"https:\/\/www.europesays.com\/se\/wp-json\/wp\/v2\/categories?post=126691"},{"taxonomy":"post_tag","embeddable":true,"href":"https:\/\/www.europesays.com\/se\/wp-json\/wp\/v2\/tags?post=126691"}],"curies":[{"name":"wp","href":"https:\/\/api.w.org\/{rel}","templated":true}]}}