{"id":126713,"date":"2026-01-05T18:58:08","date_gmt":"2026-01-05T18:58:08","guid":{"rendered":"https:\/\/www.europesays.com\/se\/126713\/"},"modified":"2026-01-05T18:58:08","modified_gmt":"2026-01-05T18:58:08","slug":"katseye-internet-girl-popmuzik","status":"publish","type":"post","link":"https:\/\/www.europesays.com\/se\/126713\/","title":{"rendered":"Katseye &#8211; Internet girl &#8211; Popmuzik"},"content":{"rendered":"<p>Den internationella popgruppen <strong>Katseye<\/strong> fick i alla fall mig att dansa med l\u00e4tta steg n\u00e4r l\u00e5ten Internet girl kickar ig\u00e5ng i mina h\u00f6rlurar. <\/p>\n<p><a href=\"https:\/\/music.apple.com\/profile\/popmuzik_se\" rel=\"nofollow noopener\" target=\"_blank\"><img decoding=\"async\" src=\"https:\/\/www.europesays.com\/se\/wp-content\/uploads\/2025\/11\/Banner-Apple-Music-2024.png\" alt=\"Apple Music\" class=\"lazyload\" style=\"--smush-placeholder-width: 1900px; --smush-placeholder-aspect-ratio: 1900\/1100;\"\/><\/a><\/p>\n<p>L\u00e5ten presenterades under ny\u00e5rsafton och damp sedan ner i v\u00e5ra spellistor den andra Januari. Ett perfekt s\u00e4tt att boosta \u00e5rets m\u00f6rkaste och tr\u00e5kigaste m\u00e5nad genom att sjunga \u201deat zucchini\u201d, f\u00f6r varf\u00f6r inte? Lekfull nonsens kan ju vara perfekt pop. <br \/>Jag f\u00f6ll i alla fall som en fura f\u00f6r den charmiga l\u00e5ten. <\/p>\n<p>Alla \u00e4r dock inte lika n\u00f6jda. Bandet fick en hel del kritik med f\u00f6rra singeln Gnarly som en del ans\u00e5g var f\u00f6r kontroversiell (ingen lysande l\u00e5t i \u00e4rlighetens namn, s\u00e5 allt annat \u00e5t sidan \u00e4r det fortfarande en tr\u00e5kig l\u00e5t). Den kritiken har fortsatt med nya singeln, men kanske mer att folk vill forts\u00e4tta gn\u00e4lla mer \u00e4n att de har n\u00e5got att gn\u00e4lla p\u00e5. F\u00f6r detta \u00e4r \u00fcbercatchig nonsens. I\u2019m all in. <\/p>\n<p>Internet girl \u00e4r skriven av <strong>Mattias Larsson<\/strong>, <strong>Robin Fredriksson<\/strong>, <strong>Justin Tranter<\/strong> och <strong>Livvi Franc<\/strong>. <\/p>\n","protected":false},"excerpt":{"rendered":"Den internationella popgruppen Katseye fick i alla fall mig att dansa med l\u00e4tta steg n\u00e4r l\u00e5ten Internet girl&hellip;\n","protected":false},"author":2,"featured_media":126714,"comment_status":"","ping_status":"","sticky":false,"template":"","format":"standard","meta":{"footnotes":""},"categories":[67],"tags":[104,34,31,33,32,30,105],"class_list":{"0":"post-126713","1":"post","2":"type-post","3":"status-publish","4":"format-standard","5":"has-post-thumbnail","7":"category-underhallning","8":"tag-entertainment","9":"tag-se","10":"tag-svenska","11":"tag-sverige","12":"tag-sweden","13":"tag-swedish","14":"tag-underhallning"},"share_on_mastodon":{"url":"https:\/\/pubeurope.com\/@se\/115844029025774925","error":""},"_links":{"self":[{"href":"https:\/\/www.europesays.com\/se\/wp-json\/wp\/v2\/posts\/126713","targetHints":{"allow":["GET"]}}],"collection":[{"href":"https:\/\/www.europesays.com\/se\/wp-json\/wp\/v2\/posts"}],"about":[{"href":"https:\/\/www.europesays.com\/se\/wp-json\/wp\/v2\/types\/post"}],"author":[{"embeddable":true,"href":"https:\/\/www.europesays.com\/se\/wp-json\/wp\/v2\/users\/2"}],"replies":[{"embeddable":true,"href":"https:\/\/www.europesays.com\/se\/wp-json\/wp\/v2\/comments?post=126713"}],"version-history":[{"count":0,"href":"https:\/\/www.europesays.com\/se\/wp-json\/wp\/v2\/posts\/126713\/revisions"}],"wp:featuredmedia":[{"embeddable":true,"href":"https:\/\/www.europesays.com\/se\/wp-json\/wp\/v2\/media\/126714"}],"wp:attachment":[{"href":"https:\/\/www.europesays.com\/se\/wp-json\/wp\/v2\/media?parent=126713"}],"wp:term":[{"taxonomy":"category","embeddable":true,"href":"https:\/\/www.europesays.com\/se\/wp-json\/wp\/v2\/categories?post=126713"},{"taxonomy":"post_tag","embeddable":true,"href":"https:\/\/www.europesays.com\/se\/wp-json\/wp\/v2\/tags?post=126713"}],"curies":[{"name":"wp","href":"https:\/\/api.w.org\/{rel}","templated":true}]}}