{"id":126717,"date":"2026-01-05T19:01:13","date_gmt":"2026-01-05T19:01:13","guid":{"rendered":"https:\/\/www.europesays.com\/se\/126717\/"},"modified":"2026-01-05T19:01:13","modified_gmt":"2026-01-05T19:01:13","slug":"sarah-sveptes-ut-tillhavs-dottern-saknas","status":"publish","type":"post","link":"https:\/\/www.europesays.com\/se\/126717\/","title":{"rendered":"Sarah sveptes ut till\nhavs \u2013 dottern saknas"},"content":{"rendered":"<p>Publicerad 4 jan 2026 kl 22.51<\/p>\n<p>En monsterv\u00e5g svepte ut en 45-\u00e5rig kvinna och hennes 15-\u00e5riga dotter till havs.<\/p>\n<p>En 67-\u00e5rig man som f\u00f6rs\u00f6kte hj\u00e4lpa dem drogs ocks\u00e5 med ut i vattnet.\u00a0<\/p>\n<p>Nu har tv\u00e5 kroppar hittats i s\u00f6kandet, skriver <a href=\"https:\/\/news.sky.com\/story\/mother-named-as-victim-of-withernsea-drowning-daughter-still-missing-13490324\" rel=\"nofollow noopener\" target=\"_blank\">Sky News<\/a>.<\/p>\n<p>Senaste nyhetsklippen fr\u00e5n Expressen.<img   alt=\"\"\/><\/p>\n<p>Sarah Keeling och dottern Grace.<\/p>\n<p>Foto: Humberside Police<\/p>\n<p>\u00d6ppna bild i helsk\u00e4rm<\/p>\n<p>Sarah Keeling, 45, och hennes dotter Grace, 15, befann sig vid stranden n\u00e4ra Withernsea utanf\u00f6r East Yorkshires kust i <a href=\"https:\/\/www.expressen.se\/tagg\/location\/england\/\" class=\"\" rel=\"nofollow noopener\" target=\"_blank\">England<\/a> p\u00e5 fredagseftermiddagen. D\u00e5 slog en tre meter h\u00f6g v\u00e5g \u00f6ver Grace.<\/p>\n<p>\u2013 En enorm v\u00e5g slog in i henne och svepte ut henne i vattnet, s\u00e4ger Paul Whitehead som befann sig p\u00e5 platsen.<\/p>\n<p>Sarah och Whiteheads kollega hoppade i vattnet och f\u00f6rs\u00f6kte r\u00e4dda Grace.<\/p>\n<p>\u2013 Mamman f\u00f6rs\u00f6kte ta tag i sin dotter och min kollega var bara n\u00e5gra centimeter ifr\u00e5n att f\u00e5 fatt i flickan ocks\u00e5. Men sedan drog str\u00f6mmen ut dem b\u00e5da, s\u00e4ger Whitehead.<\/p>\n<p>67-\u00e5rige Mark Ratcliffe f\u00f6ljde efter Sarah och Grace ut i vattnet i ett f\u00f6rs\u00f6k att r\u00e4dda dem, men sveptes sj\u00e4lv med ut till havs.<\/p>\n<p>\u201dHj\u00e4lte med ett hj\u00e4rta av guld\u201d<\/p>\n<p>En stor r\u00e4ddningsinsats inleddes, men f\u00f6rh\u00e5llandena under s\u00f6kandet beskrev som \u201dextremt sv\u00e5ra, med tre meter h\u00f6ga v\u00e5gor, starka vindar och mycket kalla lufttemperaturer\u201d.\u00a0<\/p>\n<p>\u201dSarah Keelings och Mark Ratcliffes kroppar hittades p\u00e5 kv\u00e4llen fredagen den 2 januari 2026. S\u00f6kandet efter Grace p\u00e5g\u00e5r fortfarande\u201d, skriver polisen.<\/p>\n<p>Marks familj mindes honom som en \u201dsann osj\u00e4lvisk hj\u00e4lte med ett hj\u00e4rta av guld\u201d n\u00e4r de hyllade honom p\u00e5 s\u00f6ndagseftermiddagen.<\/p>\n<p>\u201dS\u00e5 m\u00e5nga liv \u00e4r nu krossade att du \u00e4r borta. Du var \u00e4lskad av s\u00e5 m\u00e5nga m\u00e4nniskor, och vi kommer alla att sakna dig f\u00f6r alltid\u201d, skriver familjen.<\/p>\n","protected":false},"excerpt":{"rendered":"Publicerad 4 jan 2026 kl 22.51 En monsterv\u00e5g svepte ut en 45-\u00e5rig kvinna och hennes 15-\u00e5riga dotter till&hellip;\n","protected":false},"author":2,"featured_media":126718,"comment_status":"","ping_status":"","sticky":false,"template":"","format":"standard","meta":{"footnotes":""},"categories":[14],"tags":[22,23,26,27,17,21,24,25,1373,28,29,15,16,18,34,55,31,33,32,30,19,20,51,52,53,54],"class_list":{"0":"post-126717","1":"post","2":"type-post","3":"status-publish","4":"format-standard","5":"has-post-thumbnail","7":"category-varlden","8":"tag-breaking-news","9":"tag-breakingnews","10":"tag-featured-news","11":"tag-featurednews","12":"tag-headlines","13":"tag-huvudnyheter","14":"tag-latest-news","15":"tag-latestnews","16":"tag-location-england","17":"tag-main-news","18":"tag-mainnews","19":"tag-news","20":"tag-nyheter","21":"tag-rubriker","22":"tag-se","23":"tag-sections-varlden","24":"tag-svenska","25":"tag-sverige","26":"tag-sweden","27":"tag-swedish","28":"tag-top-stories","29":"tag-topstories","30":"tag-varlden","31":"tag-world","32":"tag-world-news","33":"tag-worldnews"},"share_on_mastodon":{"url":"https:\/\/pubeurope.com\/@se\/115844040839648207","error":""},"_links":{"self":[{"href":"https:\/\/www.europesays.com\/se\/wp-json\/wp\/v2\/posts\/126717","targetHints":{"allow":["GET"]}}],"collection":[{"href":"https:\/\/www.europesays.com\/se\/wp-json\/wp\/v2\/posts"}],"about":[{"href":"https:\/\/www.europesays.com\/se\/wp-json\/wp\/v2\/types\/post"}],"author":[{"embeddable":true,"href":"https:\/\/www.europesays.com\/se\/wp-json\/wp\/v2\/users\/2"}],"replies":[{"embeddable":true,"href":"https:\/\/www.europesays.com\/se\/wp-json\/wp\/v2\/comments?post=126717"}],"version-history":[{"count":0,"href":"https:\/\/www.europesays.com\/se\/wp-json\/wp\/v2\/posts\/126717\/revisions"}],"wp:featuredmedia":[{"embeddable":true,"href":"https:\/\/www.europesays.com\/se\/wp-json\/wp\/v2\/media\/126718"}],"wp:attachment":[{"href":"https:\/\/www.europesays.com\/se\/wp-json\/wp\/v2\/media?parent=126717"}],"wp:term":[{"taxonomy":"category","embeddable":true,"href":"https:\/\/www.europesays.com\/se\/wp-json\/wp\/v2\/categories?post=126717"},{"taxonomy":"post_tag","embeddable":true,"href":"https:\/\/www.europesays.com\/se\/wp-json\/wp\/v2\/tags?post=126717"}],"curies":[{"name":"wp","href":"https:\/\/api.w.org\/{rel}","templated":true}]}}