{"id":126727,"date":"2026-01-05T19:09:07","date_gmt":"2026-01-05T19:09:07","guid":{"rendered":"https:\/\/www.europesays.com\/se\/126727\/"},"modified":"2026-01-05T19:09:07","modified_gmt":"2026-01-05T19:09:07","slug":"nicolas-maduro-i-ratten-efter-bortforandet-fran-venezuela","status":"publish","type":"post","link":"https:\/\/www.europesays.com\/se\/126727\/","title":{"rendered":"Nicol\u00e1s Maduro i r\u00e4tten efter bortf\u00f6randet fr\u00e5n Venezuela"},"content":{"rendered":"<p>Nicol\u00e1s Maduro och hans fru Cilia Flores f\u00f6rdes fr\u00e5n h\u00e4ktet i Brooklyn till domstolen p\u00e5 nedre Manhattan under m\u00e5ndagseftermiddagen, f\u00f6r att klockan 18 svensk tid inst\u00e4lla sig f\u00f6r en inledande f\u00f6rhandling.<\/p>\n<p>\u2013 Jag har blivit kidnappad, sade Maduro.<\/p>\n<p>\u00c5talspunkterna mot presidenten inkluderar vad man beskriver som \u201dnarkotikaterrorism\u201d samt anklagelser om att han tillsammans med sin fru har legat bakom storskalig kokainsmuggling till USA. Enligt \u00e5talet har venezuelanska ledare i 25 \u00e5rs tid \u201dmissbrukat sina positioner\u201d f\u00f6r att \u201dimportera tonvis med kokain i USA\u201d. Paret misst\u00e4nks ocks\u00e5 f\u00f6r innehav av maskingev\u00e4r.<\/p>\n<p>\u2013 Jag \u00e4r totalt oskyldig, h\u00e4vdade Cilia Flores i r\u00e4tten.<\/p>\n<p><strong>Presidentparet tillf\u00e5ngatogs<\/strong> av amerikanska soldater i Caracas under natten till l\u00f6rdag, samtidigt som flera explosioner \u00e4gde rum i den venezuelanska huvudstaden. Operationen beskrivs av Trumpadministrationen som minuti\u00f6st planerad och ska ha f\u00f6reg\u00e5tts av flera m\u00e5naders \u00f6vervakning av ett hemligt CIA-team.<\/p>\n<p>          <img decoding=\"async\" class=\"picture__img\" src=\"https:\/\/www.europesays.com\/se\/wp-content\/uploads\/2026\/01\/1df56ab8-beb9-47c0-bd0e-a409eadf2b2c.jpeg\"   alt=\"Bilen som Nicol\u00e1s Maduro och hans fru f\u00e4rdades p\u00e5 v\u00e4g till domstolen.\"\/><\/p>\n<p>      Bilen som Nicol\u00e1s Maduro och hans fru f\u00e4rdades p\u00e5 v\u00e4g till domstolen.<\/p>\n<p>      Foto: Spencer Platt\/AFP<\/p>\n<p>Enligt Maduros advokat \u00e4r Cilia Flores i behov av en h\u00e4lsounders\u00f6kning efter ingripandet, eftersom hon kan ha skadats. Det ska handla om en eventuell fraktur eller sv\u00e5ra bl\u00e5m\u00e4rken p\u00e5 revbenen. I r\u00e4tten bar Flores ett bandage \u00f6ver pannan och s\u00e5g ut att ha ett bl\u00e5m\u00e4rke n\u00e4ra h\u00f6gra \u00f6gat, enligt New York Times. Domaren bad \u00e5klagarsidan och f\u00f6rsvaret att se till att hon f\u00e5r l\u00e4mplig v\u00e5rd.<\/p>\n<p>\u2013 Jag \u00e4r en krigsf\u00e5nge, sade Nicol\u00e1s Maduro ha sagt n\u00e4r han l\u00e4mnade salen efter en dryg timmes f\u00f6rhandling. B\u00e5de han och hans fru var ikl\u00e4dda h\u00e4ktets kl\u00e4der, m\u00f6rka \u00f6verdelar och khakif\u00e4rgade byxor.<\/p>\n<p>Maduros advokat sade att han inte ans\u00f6kte om borgen vid det h\u00e4r tillf\u00e4llet, men flaggade f\u00f6r att det kan ske l\u00e4ngre fram.<\/p>\n<p><strong>Donald Trump har efter attacken<\/strong> mot Venezuela h\u00e4vdat att USA ska styra landet tillsammans med det venezuelanska folket tills det kan ske en \u201ds\u00e4ker makt\u00f6verl\u00e4mning\u201d. Nicol\u00e1s Maduro har efter en f\u00f6rlust i fjol\u00e5rets presidentval klamrat sig fast vid makten, trots att s\u00e5v\u00e4l USA som EU har sedan konstaterat att hans regering saknar legitimitet.<\/p>\n<p>USA anklagas samtidigt f\u00f6r att genom sitt ingripande ha brutit mot s\u00e5v\u00e4l folkr\u00e4tten som FN-stadgan och bland europeiska ledare \u00f6kar oron \u00f6ver vad som kan h\u00e4nda h\u00e4rn\u00e4st.<\/p>\n<p>Den 16 mars mars v\u00e4ntas Nicol\u00e1s Maduro och Cilia Flores framtr\u00e4da i r\u00e4tten igen.<\/p>\n","protected":false},"excerpt":{"rendered":"Nicol\u00e1s Maduro och hans fru Cilia Flores f\u00f6rdes fr\u00e5n h\u00e4ktet i Brooklyn till domstolen p\u00e5 nedre Manhattan under&hellip;\n","protected":false},"author":2,"featured_media":126728,"comment_status":"","ping_status":"","sticky":false,"template":"","format":"standard","meta":{"footnotes":""},"categories":[14],"tags":[22,23,26,27,17,21,24,25,28,29,15,16,18,34,31,33,32,30,19,20,51,52,53,54],"class_list":{"0":"post-126727","1":"post","2":"type-post","3":"status-publish","4":"format-standard","5":"has-post-thumbnail","7":"category-varlden","8":"tag-breaking-news","9":"tag-breakingnews","10":"tag-featured-news","11":"tag-featurednews","12":"tag-headlines","13":"tag-huvudnyheter","14":"tag-latest-news","15":"tag-latestnews","16":"tag-main-news","17":"tag-mainnews","18":"tag-news","19":"tag-nyheter","20":"tag-rubriker","21":"tag-se","22":"tag-svenska","23":"tag-sverige","24":"tag-sweden","25":"tag-swedish","26":"tag-top-stories","27":"tag-topstories","28":"tag-varlden","29":"tag-world","30":"tag-world-news","31":"tag-worldnews"},"share_on_mastodon":{"url":"https:\/\/pubeurope.com\/@se\/115844072270834620","error":""},"_links":{"self":[{"href":"https:\/\/www.europesays.com\/se\/wp-json\/wp\/v2\/posts\/126727","targetHints":{"allow":["GET"]}}],"collection":[{"href":"https:\/\/www.europesays.com\/se\/wp-json\/wp\/v2\/posts"}],"about":[{"href":"https:\/\/www.europesays.com\/se\/wp-json\/wp\/v2\/types\/post"}],"author":[{"embeddable":true,"href":"https:\/\/www.europesays.com\/se\/wp-json\/wp\/v2\/users\/2"}],"replies":[{"embeddable":true,"href":"https:\/\/www.europesays.com\/se\/wp-json\/wp\/v2\/comments?post=126727"}],"version-history":[{"count":0,"href":"https:\/\/www.europesays.com\/se\/wp-json\/wp\/v2\/posts\/126727\/revisions"}],"wp:featuredmedia":[{"embeddable":true,"href":"https:\/\/www.europesays.com\/se\/wp-json\/wp\/v2\/media\/126728"}],"wp:attachment":[{"href":"https:\/\/www.europesays.com\/se\/wp-json\/wp\/v2\/media?parent=126727"}],"wp:term":[{"taxonomy":"category","embeddable":true,"href":"https:\/\/www.europesays.com\/se\/wp-json\/wp\/v2\/categories?post=126727"},{"taxonomy":"post_tag","embeddable":true,"href":"https:\/\/www.europesays.com\/se\/wp-json\/wp\/v2\/tags?post=126727"}],"curies":[{"name":"wp","href":"https:\/\/api.w.org\/{rel}","templated":true}]}}