{"id":126729,"date":"2026-01-05T19:11:12","date_gmt":"2026-01-05T19:11:12","guid":{"rendered":"https:\/\/www.europesays.com\/se\/126729\/"},"modified":"2026-01-05T19:11:12","modified_gmt":"2026-01-05T19:11:12","slug":"garpenlovs-kritik-mot-svenska-filmningen-vi-maste-fordoma-det","status":"publish","type":"post","link":"https:\/\/www.europesays.com\/se\/126729\/","title":{"rendered":"Garpenl\u00f6vs kritik mot svenska filmningen: \u201dVi m\u00e5ste f\u00f6rd\u00f6ma det\u201d"},"content":{"rendered":"<p>Publicerad 5 jan 2026 kl 15.11Uppdaterad kl 15.23<\/p>\n<p>Johan Garpenl\u00f6v gl\u00e4ds \u00f6ver Sveriges JVM-succ\u00e9.<\/p>\n<p>Men han gillade inte allt han s\u00e5g i semifinalen mot Finland.<\/p>\n<p>\u2013\u00a0\u00c4ven om det \u00e4r en svensk m\u00e5ste vi f\u00f6rd\u00f6ma det, s\u00e4ger Radiosportens expert.<\/p>\n<p><img   alt=\"\"\/><\/p>\n<p>Johan Garpenl\u00f6v.<\/p>\n<p>Foto: JOHAN AXELSSON \/ BILDBYR\u00c5N<\/p>\n<p>\u00d6ppna bild i helsk\u00e4rm<\/p>\n<p>Det blev dramatiskt n\u00e4r Sverige och Finland drabbade samman i semifinalen av JVM.<\/p>\n<p>Artikeln i korthet<\/p>\n<p> Sverige \u00e4r klart f\u00f6r JVM-final efter seger mot Finland efter straffl\u00e4ggning.<\/p>\n<p> Radiosportens expert Johan Garpenl\u00f6v anklagar Leo Sahlin Wallenius f\u00f6r filmning och \u00e4r kritisk.<\/p>\n<p> I finalen v\u00e4ntar Tjeckien, d\u00e4r Garpenl\u00f6v tror att Sverige vinner.<\/p>\n<p>Visa mer<\/p>\n<p>Juniorkronorna tog ledningen tre g\u00e5nger i matchen, men Finland kvitterade alla g\u00e5nger. Vid st\u00e4llningen 3\u20133 gick matchen till f\u00f6rl\u00e4ngning och straffar, d\u00e4r Sverige lyckades vinna.<\/p>\n<p>\u2013 Det var sv\u00e5rt att somna efter den matchen, s\u00e4ger Radiosportens expert Johan Garpenl\u00f6v.<\/p>\n<p>Han pekar ut m\u00e5lvakten Love H\u00e4renstam som den viktigaste spelaren f\u00f6r Sverige och hyllar lagets offensiva spets i Ivar Stenberg, Viggo Bj\u00f6rck och Anton Frondell.\u00a0<\/p>\n<p>\u2013 Jag \u00e4r s\u00e5 glad att vi hittar en v\u00e4g att vinna den h\u00e4r matchen. Vi har st\u00e5tt p\u00e5 andra sidan alltf\u00f6r m\u00e5nga g\u00e5nger de senaste \u00e5ren, men nu har vi spelarna man beh\u00f6ver f\u00f6r att vinna.<\/p>\n<p><img loading=\"lazy\"   alt=\"\"\/><\/p>\n<p>Leo Sahlin Wallenius anklagas f\u00f6r att ha filmat mot Finland.<\/p>\n<p>Foto: JOEL MARKLUND \/ BILDBYR\u00c5N<\/p>\n<p>\u00d6ppna bild i helsk\u00e4rm<\/p>\n<p>Finland var n\u00e4ra att avg\u00f6ra p\u00e5 \u00f6vertid d\u00e5 man fick ett numer\u00e4rt \u00f6verl\u00e4ge med bara minuter kvar.\u00a0<\/p>\n<p>I SVT rasade experten Jonas Andersson mot domslutet. Han ans\u00e5g att det var filmning av den finl\u00e4ndska spelaren n\u00e4r Viggo Bj\u00f6rck visades ut f\u00f6r slashing.<\/p>\n<p>\u2013 Det d\u00e4r \u00e4r en skandal, sa SVT-experten.<\/p>\n<p>Garpenl\u00f6v tycker i sin tur att det Bj\u00f6rcks f\u00f6rseelse var \u201den solklar utvisning\u201d. Han \u00e4r i st\u00e4llet kritisk mot en sekvens i den tredje perioden d\u00e5 Sverige fick med sig en utvisning.<\/p>\n<p>S\u00e5gar svensken: \u201dM\u00e5ste f\u00f6rd\u00f6ma det\u201d<\/p>\n<p>Leo Tuuva delade d\u00e5 ut ett slag med klubban mot svenske Leo Sahlin Wallenius, som f\u00f6ll till synes handl\u00f6st mot isen.<\/p>\n<p>\u2013\u00a0Det var en filmning, det \u00e4r inget att snacka om. Han ger en crosschecking och sen kastar han sig. Han lyckas f\u00e5 med sig en utvisning p\u00e5 det s\u00e4ttet. \u00c4ven om det \u00e4r en svensk m\u00e5ste vi f\u00f6rd\u00f6ma det, s\u00e4ger \u201dGarpen\u201d.<\/p>\n<p>\u2013\u00a0Jag gillar inte filmningar, sen kommer det alltid finnas i matcherna. Domare och coacher m\u00e5ste markera mot den h\u00e4r typen av agerande. Jag hoppas vi slipper se det fr\u00e5n n\u00e5gon svensk spelare i finalen.<\/p>\n<p>D\u00e4r v\u00e4ntar Tjeckien, som besegrade Kanada med 6\u20134 i sin semifinal.\u00a0<\/p>\n<p>Johan Garpenl\u00f6v f\u00f6rutsp\u00e5r en j\u00e4mn final d\u00e4r m\u00e5lvaktsspelet f\u00e4ller avg\u00f6randet \u2013 till Sveriges f\u00f6rdel.<\/p>\n<p>\u2013 Jag hade en bra k\u00e4nsla redan inf\u00f6r det h\u00e4r JVM:et och k\u00e4nde att vi har alla delar f\u00f6r att g\u00e5 hela v\u00e4gen. Det g\u00e4ller att vi tar chansen. Nu st\u00f6ter vi p\u00e5 ett riktigt bra lag och jag hoppas att m\u00e5nga spelare g\u00f6r sin b\u00e4sta match i turneringen, s\u00e4ger han.<\/p>\n<p><strong>L\u00c4S MER: <\/strong><a href=\"https:\/\/www.expressen.se\/sport\/hockey\/finska-ilskan-over-jvm--rysaren-ar-oforlatligt\/\" class=\"\" rel=\"nofollow noopener\" target=\"_blank\">Finska ilskan \u00f6ver JVM- rysaren: \u201d\u00c4r of\u00f6rl\u00e5tligt\u201d<\/a><strong>L\u00c4S MER: <\/strong><a href=\"https:\/\/www.expressen.se\/sport\/hockey\/analys-efter-sverige-finland-i-jvm\/\" class=\"premium-link\" rel=\"nofollow noopener\" target=\"_blank\">Premium Analys efter Sverige-Finland i JVM<\/a><\/p>\n","protected":false},"excerpt":{"rendered":"Publicerad 5 jan 2026 kl 15.11Uppdaterad kl 15.23 Johan Garpenl\u00f6v gl\u00e4ds \u00f6ver Sveriges JVM-succ\u00e9. Men han gillade inte&hellip;\n","protected":false},"author":2,"featured_media":126730,"comment_status":"","ping_status":"","sticky":false,"template":"","format":"standard","meta":{"footnotes":""},"categories":[5],"tags":[22,23,26,27,17,21,24,25,28,29,15,16,18,34,255,31,33,32,30,19,20],"class_list":{"0":"post-126729","1":"post","2":"type-post","3":"status-publish","4":"format-standard","5":"has-post-thumbnail","7":"category-rubriker","8":"tag-breaking-news","9":"tag-breakingnews","10":"tag-featured-news","11":"tag-featurednews","12":"tag-headlines","13":"tag-huvudnyheter","14":"tag-latest-news","15":"tag-latestnews","16":"tag-main-news","17":"tag-mainnews","18":"tag-news","19":"tag-nyheter","20":"tag-rubriker","21":"tag-se","22":"tag-sections-ishockey","23":"tag-svenska","24":"tag-sverige","25":"tag-sweden","26":"tag-swedish","27":"tag-top-stories","28":"tag-topstories"},"share_on_mastodon":{"url":"https:\/\/pubeurope.com\/@se\/115844080165279655","error":""},"_links":{"self":[{"href":"https:\/\/www.europesays.com\/se\/wp-json\/wp\/v2\/posts\/126729","targetHints":{"allow":["GET"]}}],"collection":[{"href":"https:\/\/www.europesays.com\/se\/wp-json\/wp\/v2\/posts"}],"about":[{"href":"https:\/\/www.europesays.com\/se\/wp-json\/wp\/v2\/types\/post"}],"author":[{"embeddable":true,"href":"https:\/\/www.europesays.com\/se\/wp-json\/wp\/v2\/users\/2"}],"replies":[{"embeddable":true,"href":"https:\/\/www.europesays.com\/se\/wp-json\/wp\/v2\/comments?post=126729"}],"version-history":[{"count":0,"href":"https:\/\/www.europesays.com\/se\/wp-json\/wp\/v2\/posts\/126729\/revisions"}],"wp:featuredmedia":[{"embeddable":true,"href":"https:\/\/www.europesays.com\/se\/wp-json\/wp\/v2\/media\/126730"}],"wp:attachment":[{"href":"https:\/\/www.europesays.com\/se\/wp-json\/wp\/v2\/media?parent=126729"}],"wp:term":[{"taxonomy":"category","embeddable":true,"href":"https:\/\/www.europesays.com\/se\/wp-json\/wp\/v2\/categories?post=126729"},{"taxonomy":"post_tag","embeddable":true,"href":"https:\/\/www.europesays.com\/se\/wp-json\/wp\/v2\/tags?post=126729"}],"curies":[{"name":"wp","href":"https:\/\/api.w.org\/{rel}","templated":true}]}}